{"id":1329,"date":"2022-11-03T12:31:47","date_gmt":"2022-11-03T11:31:47","guid":{"rendered":"https:\/\/www.nadiodelai.it\/nd2024\/?p=1329"},"modified":"2022-11-03T12:31:47","modified_gmt":"2022-11-03T11:31:47","slug":"la-domanda-di-vita-buona-2010","status":"publish","type":"post","link":"https:\/\/www.nadiodelai.it\/nd2024\/la-domanda-di-vita-buona-2010\/","title":{"rendered":"La domanda di Vita Buona\/2010"},"content":{"rendered":"<p style=\"text-align: justify;\">Il Rapporto Essere Anziano Oggi\/2010 compie un passo \u201ca lato\u201d rispetto a quelli precedenti che a loro volta sono evoluti nel corso degli anni.<br \/>\nInfatti nei primi Rapporti si \u00e8 posta soprattutto l\u2019attenzione sulla nuova soggettualit\u00e0 dell\u2019anziano e cio\u00e8 sulla sua forza e sulla sua vitalit\u00e0. Successivamente si \u00e8 approfondito il tema delle relazioni tra le diverse generazioni e quindi il passaggio alla responsabilit\u00e0 che inevitabilmente deve far capo alle persone mature che sono ormai attive ed autonome: e come tali sono tenute ad assumersi gli oneri, oltre che i diritti, della loro nuova condizione.<br \/>\nQuest\u2019anno si \u00e8 voluto allargare l\u2019orizzonte, sotto la spinta di una sensazione diffusa di fine ciclo del nostro vivere insieme, che favorisce una domanda crescente di Vita Buona da parte dell\u2019intera popolazione e non solo da parte del mondo delle persone mature.<br \/>\nLa \u201cbolla soggettuale\u201d dell\u2019individualismo, della competizione estrema, dell\u2019ipertrofia dell\u2019IO si sta rapidamente sgonfiando e fa emergere i segnali di un ciclo nuovo, in cui ci sia maggiormente posto per il valore delle relazioni tra le persone e non solo per il valore dell\u2019individuo e del suo esclusivo orizzonte, egoisticamente interpretato.<br \/>\nMa non si \u00e8 voluto sviluppare un ragionamento di tipo etico quanto piuttosto misurare i segnali di mutamento che il corpo sociale in realt\u00e0 invia in maniera consistente, al di l\u00e0 dei pur numerosi fenomeni di \u201cvita cattiva\u201d, che tutti i giorni \u00e8 sin troppo facile cogliere dai comportamenti dei singoli individui e da quelli dei protagonisti dell\u2019economia e della politica. Bisogna perci\u00f2 saper \u201cguardare oltre\u201d, facendo leva sulla voglia di cambiamento che il tessuto sociale esprime, in vista di una convivenza maggiormente equilibrata e attenta alla ricchezza dell\u2019Altro e non solo a quella (ormai impoverita) del S\u00e9.<br \/>\n\u00c8 questa una scommessa che interessa l\u2019intero Paese (dalla classe dirigente alla popolazione) che deve saper reinterpretare se stesso, tenendo conto che dalla bolla soggettuale si pu\u00f2 e si deve uscire \u201cin alto\u201d e non \u201cin basso\u201d. \u00c8 necessario immaginare quale possa essere la strada per riaprire i giochi delle attese, delle speranze e dei comportamenti, indirizzando la forza della \u201csoggettualit\u00e0\u201d verso uno sviluppo parallelo della \u201crelazionalit\u00e0\u201d diffusa: tra le persone, tra le aziende, tra le istituzioni, tra i soggetti collettivi.<\/p>\n","protected":false},"excerpt":{"rendered":"<p>Il Rapporto Essere Anziano Oggi\/2010 compie un passo \u201ca lato\u201d rispetto a quelli precedenti che a loro volta sono evoluti nel corso degli anni. Infatti nei primi Rapporti si \u00e8 posta soprattutto l\u2019attenzione sulla nuova soggettualit\u00e0 dell\u2019anziano e cio\u00e8 sulla sua forza e sulla sua vitalit\u00e0. Successivamente si \u00e8 approfondito il tema delle relazioni tra [&hellip;]<\/p>\n","protected":false},"author":1,"featured_media":1330,"comment_status":"open","ping_status":"open","sticky":false,"template":"","format":"standard","meta":{"_acf_changed":false,"ngg_post_thumbnail":0,"_jetpack_newsletter_access":"","_jetpack_dont_email_post_to_subs":false,"_jetpack_newsletter_tier_id":0,"_jetpack_memberships_contains_paywalled_content":false,"_jetpack_feature_clip_id":0,"_jetpack_memberships_contains_paid_content":false,"footnotes":"","jetpack_post_was_ever_published":false},"categories":[10],"tags":[143],"class_list":["post-1329","post","type-post","status-publish","format-standard","has-post-thumbnail","hentry","category-rapporti-monografici-sugli-anziani-vitali","tag-la-domanda-di-vita-buona-2010"],"acf":[],"yoast_head":"<!-- This site is optimized with the Yoast SEO plugin v28.3 - https:\/\/yoast.com\/product\/yoast-seo-wordpress\/ -->\n<title>La domanda di Vita Buona\/2010 - Nadio Delai<\/title>\n<meta name=\"description\" content=\"Il Rapporto Essere Anziano Oggi\/2010 compie un passo \u201ca lato\u201d rispetto a quelli precedenti che a loro volta sono evoluti nel corso degli anni.\" \/>\n<meta name=\"robots\" content=\"index, follow, max-snippet:-1, max-image-preview:large, max-video-preview:-1\" \/>\n<link rel=\"canonical\" href=\"https:\/\/www.nadiodelai.it\/nd2024\/la-domanda-di-vita-buona-2010\/\" \/>\n<meta property=\"og:locale\" content=\"it_IT\" \/>\n<meta property=\"og:type\" content=\"article\" \/>\n<meta property=\"og:title\" content=\"La domanda di Vita Buona\/2010 - Nadio Delai\" \/>\n<meta property=\"og:description\" content=\"Il Rapporto Essere Anziano Oggi\/2010 compie un passo \u201ca lato\u201d rispetto a quelli precedenti che a loro volta sono evoluti nel corso degli anni.\" \/>\n<meta property=\"og:url\" content=\"https:\/\/www.nadiodelai.it\/nd2024\/la-domanda-di-vita-buona-2010\/\" \/>\n<meta property=\"og:site_name\" content=\"Nadio Delai\" \/>\n<meta property=\"article:published_time\" content=\"2022-11-03T11:31:47+00:00\" \/>\n<meta property=\"og:image\" content=\"https:\/\/www.nadiodelai.it\/nd2024\/wp-content\/uploads\/2022\/11\/anzianooggi2011.jpg\" \/>\n\t<meta property=\"og:image:width\" content=\"250\" \/>\n\t<meta property=\"og:image:height\" content=\"356\" \/>\n\t<meta property=\"og:image:type\" content=\"image\/jpeg\" \/>\n<meta name=\"author\" content=\"mikinadiodelai\" \/>\n<meta name=\"twitter:card\" content=\"summary_large_image\" \/>\n<meta name=\"twitter:label1\" content=\"Scritto da\" \/>\n\t<meta name=\"twitter:data1\" content=\"mikinadiodelai\" \/>\n\t<meta name=\"twitter:label2\" content=\"Tempo di lettura stimato\" \/>\n\t<meta name=\"twitter:data2\" content=\"2 minuti\" \/>\n<script type=\"application\/ld+json\" class=\"yoast-schema-graph\">{\"@context\":\"https:\\\/\\\/schema.org\",\"@graph\":[{\"@type\":\"Article\",\"@id\":\"https:\\\/\\\/www.nadiodelai.it\\\/nd2024\\\/la-domanda-di-vita-buona-2010\\\/#article\",\"isPartOf\":{\"@id\":\"https:\\\/\\\/www.nadiodelai.it\\\/nd2024\\\/la-domanda-di-vita-buona-2010\\\/\"},\"author\":{\"name\":\"mikinadiodelai\",\"@id\":\"https:\\\/\\\/www.nadiodelai.it\\\/nd2024\\\/#\\\/schema\\\/person\\\/01faa8efddc8a7a695d55a25702d0a31\"},\"headline\":\"La domanda di Vita Buona\\\/2010\",\"datePublished\":\"2022-11-03T11:31:47+00:00\",\"mainEntityOfPage\":{\"@id\":\"https:\\\/\\\/www.nadiodelai.it\\\/nd2024\\\/la-domanda-di-vita-buona-2010\\\/\"},\"wordCount\":376,\"commentCount\":0,\"publisher\":{\"@id\":\"https:\\\/\\\/www.nadiodelai.it\\\/nd2024\\\/#organization\"},\"image\":{\"@id\":\"https:\\\/\\\/www.nadiodelai.it\\\/nd2024\\\/la-domanda-di-vita-buona-2010\\\/#primaryimage\"},\"thumbnailUrl\":\"https:\\\/\\\/www.nadiodelai.it\\\/nd2024\\\/wp-content\\\/uploads\\\/2022\\\/11\\\/anzianooggi2011.jpg\",\"keywords\":[\"La domanda di Vita Buona\\\/2010\"],\"articleSection\":[\"Rapporti Monografici sugli Anziani Vitali\"],\"inLanguage\":\"it-IT\",\"potentialAction\":[{\"@type\":\"CommentAction\",\"name\":\"Comment\",\"target\":[\"https:\\\/\\\/www.nadiodelai.it\\\/nd2024\\\/la-domanda-di-vita-buona-2010\\\/#respond\"]}]},{\"@type\":\"WebPage\",\"@id\":\"https:\\\/\\\/www.nadiodelai.it\\\/nd2024\\\/la-domanda-di-vita-buona-2010\\\/\",\"url\":\"https:\\\/\\\/www.nadiodelai.it\\\/nd2024\\\/la-domanda-di-vita-buona-2010\\\/\",\"name\":\"La domanda di Vita Buona\\\/2010 - Nadio Delai\",\"isPartOf\":{\"@id\":\"https:\\\/\\\/www.nadiodelai.it\\\/nd2024\\\/#website\"},\"primaryImageOfPage\":{\"@id\":\"https:\\\/\\\/www.nadiodelai.it\\\/nd2024\\\/la-domanda-di-vita-buona-2010\\\/#primaryimage\"},\"image\":{\"@id\":\"https:\\\/\\\/www.nadiodelai.it\\\/nd2024\\\/la-domanda-di-vita-buona-2010\\\/#primaryimage\"},\"thumbnailUrl\":\"https:\\\/\\\/www.nadiodelai.it\\\/nd2024\\\/wp-content\\\/uploads\\\/2022\\\/11\\\/anzianooggi2011.jpg\",\"datePublished\":\"2022-11-03T11:31:47+00:00\",\"description\":\"Il Rapporto Essere Anziano Oggi\\\/2010 compie un passo \u201ca lato\u201d rispetto a quelli precedenti che a loro volta sono evoluti nel corso degli anni.\",\"breadcrumb\":{\"@id\":\"https:\\\/\\\/www.nadiodelai.it\\\/nd2024\\\/la-domanda-di-vita-buona-2010\\\/#breadcrumb\"},\"inLanguage\":\"it-IT\",\"potentialAction\":[{\"@type\":\"ReadAction\",\"target\":[\"https:\\\/\\\/www.nadiodelai.it\\\/nd2024\\\/la-domanda-di-vita-buona-2010\\\/\"]}]},{\"@type\":\"ImageObject\",\"inLanguage\":\"it-IT\",\"@id\":\"https:\\\/\\\/www.nadiodelai.it\\\/nd2024\\\/la-domanda-di-vita-buona-2010\\\/#primaryimage\",\"url\":\"https:\\\/\\\/www.nadiodelai.it\\\/nd2024\\\/wp-content\\\/uploads\\\/2022\\\/11\\\/anzianooggi2011.jpg\",\"contentUrl\":\"https:\\\/\\\/www.nadiodelai.it\\\/nd2024\\\/wp-content\\\/uploads\\\/2022\\\/11\\\/anzianooggi2011.jpg\",\"width\":250,\"height\":356,\"caption\":\"La domanda di Vita Buona\\\/2010\"},{\"@type\":\"BreadcrumbList\",\"@id\":\"https:\\\/\\\/www.nadiodelai.it\\\/nd2024\\\/la-domanda-di-vita-buona-2010\\\/#breadcrumb\",\"itemListElement\":[{\"@type\":\"ListItem\",\"position\":1,\"name\":\"Home\",\"item\":\"https:\\\/\\\/www.nadiodelai.it\\\/nd2024\\\/\"},{\"@type\":\"ListItem\",\"position\":2,\"name\":\"La domanda di Vita Buona\\\/2010\"}]},{\"@type\":\"WebSite\",\"@id\":\"https:\\\/\\\/www.nadiodelai.it\\\/nd2024\\\/#website\",\"url\":\"https:\\\/\\\/www.nadiodelai.it\\\/nd2024\\\/\",\"name\":\"Nadio Delai\",\"description\":\"Pubblicazioni di economia\",\"publisher\":{\"@id\":\"https:\\\/\\\/www.nadiodelai.it\\\/nd2024\\\/#organization\"},\"potentialAction\":[{\"@type\":\"SearchAction\",\"target\":{\"@type\":\"EntryPoint\",\"urlTemplate\":\"https:\\\/\\\/www.nadiodelai.it\\\/nd2024\\\/?s={search_term_string}\"},\"query-input\":{\"@type\":\"PropertyValueSpecification\",\"valueRequired\":true,\"valueName\":\"search_term_string\"}}],\"inLanguage\":\"it-IT\"},{\"@type\":\"Organization\",\"@id\":\"https:\\\/\\\/www.nadiodelai.it\\\/nd2024\\\/#organization\",\"name\":\"Nadio Delai\",\"url\":\"https:\\\/\\\/www.nadiodelai.it\\\/nd2024\\\/\",\"logo\":{\"@type\":\"ImageObject\",\"inLanguage\":\"it-IT\",\"@id\":\"https:\\\/\\\/www.nadiodelai.it\\\/nd2024\\\/#\\\/schema\\\/logo\\\/image\\\/\",\"url\":\"https:\\\/\\\/www.nadiodelai.it\\\/nd2024\\\/wp-content\\\/uploads\\\/2022\\\/07\\\/logonadiodelai.jpg\",\"contentUrl\":\"https:\\\/\\\/www.nadiodelai.it\\\/nd2024\\\/wp-content\\\/uploads\\\/2022\\\/07\\\/logonadiodelai.jpg\",\"width\":283,\"height\":59,\"caption\":\"Nadio Delai\"},\"image\":{\"@id\":\"https:\\\/\\\/www.nadiodelai.it\\\/nd2024\\\/#\\\/schema\\\/logo\\\/image\\\/\"}},{\"@type\":\"Person\",\"@id\":\"https:\\\/\\\/www.nadiodelai.it\\\/nd2024\\\/#\\\/schema\\\/person\\\/01faa8efddc8a7a695d55a25702d0a31\",\"name\":\"mikinadiodelai\",\"image\":{\"@type\":\"ImageObject\",\"inLanguage\":\"it-IT\",\"@id\":\"https:\\\/\\\/secure.gravatar.com\\\/avatar\\\/6c91c98616ba911912872989bdffe1477f5a0b877fcf4d4fdf15dd16ef32064a?s=96&d=mm&r=g\",\"url\":\"https:\\\/\\\/secure.gravatar.com\\\/avatar\\\/6c91c98616ba911912872989bdffe1477f5a0b877fcf4d4fdf15dd16ef32064a?s=96&d=mm&r=g\",\"contentUrl\":\"https:\\\/\\\/secure.gravatar.com\\\/avatar\\\/6c91c98616ba911912872989bdffe1477f5a0b877fcf4d4fdf15dd16ef32064a?s=96&d=mm&r=g\",\"caption\":\"mikinadiodelai\"},\"sameAs\":[\"https:\\\/\\\/www.nadiodelai.it\\\/nd2024\"],\"url\":\"https:\\\/\\\/www.nadiodelai.it\\\/nd2024\\\/author\\\/mikinadiodelai\\\/\"}]}<\/script>\n<!-- \/ Yoast SEO plugin. -->","yoast_head_json":{"title":"La domanda di Vita Buona\/2010 - Nadio Delai","description":"Il Rapporto Essere Anziano Oggi\/2010 compie un passo \u201ca lato\u201d rispetto a quelli precedenti che a loro volta sono evoluti nel corso degli anni.","robots":{"index":"index","follow":"follow","max-snippet":"max-snippet:-1","max-image-preview":"max-image-preview:large","max-video-preview":"max-video-preview:-1"},"canonical":"https:\/\/www.nadiodelai.it\/nd2024\/la-domanda-di-vita-buona-2010\/","og_locale":"it_IT","og_type":"article","og_title":"La domanda di Vita Buona\/2010 - Nadio Delai","og_description":"Il Rapporto Essere Anziano Oggi\/2010 compie un passo \u201ca lato\u201d rispetto a quelli precedenti che a loro volta sono evoluti nel corso degli anni.","og_url":"https:\/\/www.nadiodelai.it\/nd2024\/la-domanda-di-vita-buona-2010\/","og_site_name":"Nadio Delai","article_published_time":"2022-11-03T11:31:47+00:00","og_image":[{"width":250,"height":356,"url":"https:\/\/www.nadiodelai.it\/nd2024\/wp-content\/uploads\/2022\/11\/anzianooggi2011.jpg","type":"image\/jpeg"}],"author":"mikinadiodelai","twitter_card":"summary_large_image","twitter_misc":{"Scritto da":"mikinadiodelai","Tempo di lettura stimato":"2 minuti"},"schema":{"@context":"https:\/\/schema.org","@graph":[{"@type":"Article","@id":"https:\/\/www.nadiodelai.it\/nd2024\/la-domanda-di-vita-buona-2010\/#article","isPartOf":{"@id":"https:\/\/www.nadiodelai.it\/nd2024\/la-domanda-di-vita-buona-2010\/"},"author":{"name":"mikinadiodelai","@id":"https:\/\/www.nadiodelai.it\/nd2024\/#\/schema\/person\/01faa8efddc8a7a695d55a25702d0a31"},"headline":"La domanda di Vita Buona\/2010","datePublished":"2022-11-03T11:31:47+00:00","mainEntityOfPage":{"@id":"https:\/\/www.nadiodelai.it\/nd2024\/la-domanda-di-vita-buona-2010\/"},"wordCount":376,"commentCount":0,"publisher":{"@id":"https:\/\/www.nadiodelai.it\/nd2024\/#organization"},"image":{"@id":"https:\/\/www.nadiodelai.it\/nd2024\/la-domanda-di-vita-buona-2010\/#primaryimage"},"thumbnailUrl":"https:\/\/www.nadiodelai.it\/nd2024\/wp-content\/uploads\/2022\/11\/anzianooggi2011.jpg","keywords":["La domanda di Vita Buona\/2010"],"articleSection":["Rapporti Monografici sugli Anziani Vitali"],"inLanguage":"it-IT","potentialAction":[{"@type":"CommentAction","name":"Comment","target":["https:\/\/www.nadiodelai.it\/nd2024\/la-domanda-di-vita-buona-2010\/#respond"]}]},{"@type":"WebPage","@id":"https:\/\/www.nadiodelai.it\/nd2024\/la-domanda-di-vita-buona-2010\/","url":"https:\/\/www.nadiodelai.it\/nd2024\/la-domanda-di-vita-buona-2010\/","name":"La domanda di Vita Buona\/2010 - Nadio Delai","isPartOf":{"@id":"https:\/\/www.nadiodelai.it\/nd2024\/#website"},"primaryImageOfPage":{"@id":"https:\/\/www.nadiodelai.it\/nd2024\/la-domanda-di-vita-buona-2010\/#primaryimage"},"image":{"@id":"https:\/\/www.nadiodelai.it\/nd2024\/la-domanda-di-vita-buona-2010\/#primaryimage"},"thumbnailUrl":"https:\/\/www.nadiodelai.it\/nd2024\/wp-content\/uploads\/2022\/11\/anzianooggi2011.jpg","datePublished":"2022-11-03T11:31:47+00:00","description":"Il Rapporto Essere Anziano Oggi\/2010 compie un passo \u201ca lato\u201d rispetto a quelli precedenti che a loro volta sono evoluti nel corso degli anni.","breadcrumb":{"@id":"https:\/\/www.nadiodelai.it\/nd2024\/la-domanda-di-vita-buona-2010\/#breadcrumb"},"inLanguage":"it-IT","potentialAction":[{"@type":"ReadAction","target":["https:\/\/www.nadiodelai.it\/nd2024\/la-domanda-di-vita-buona-2010\/"]}]},{"@type":"ImageObject","inLanguage":"it-IT","@id":"https:\/\/www.nadiodelai.it\/nd2024\/la-domanda-di-vita-buona-2010\/#primaryimage","url":"https:\/\/www.nadiodelai.it\/nd2024\/wp-content\/uploads\/2022\/11\/anzianooggi2011.jpg","contentUrl":"https:\/\/www.nadiodelai.it\/nd2024\/wp-content\/uploads\/2022\/11\/anzianooggi2011.jpg","width":250,"height":356,"caption":"La domanda di Vita Buona\/2010"},{"@type":"BreadcrumbList","@id":"https:\/\/www.nadiodelai.it\/nd2024\/la-domanda-di-vita-buona-2010\/#breadcrumb","itemListElement":[{"@type":"ListItem","position":1,"name":"Home","item":"https:\/\/www.nadiodelai.it\/nd2024\/"},{"@type":"ListItem","position":2,"name":"La domanda di Vita Buona\/2010"}]},{"@type":"WebSite","@id":"https:\/\/www.nadiodelai.it\/nd2024\/#website","url":"https:\/\/www.nadiodelai.it\/nd2024\/","name":"Nadio Delai","description":"Pubblicazioni di economia","publisher":{"@id":"https:\/\/www.nadiodelai.it\/nd2024\/#organization"},"potentialAction":[{"@type":"SearchAction","target":{"@type":"EntryPoint","urlTemplate":"https:\/\/www.nadiodelai.it\/nd2024\/?s={search_term_string}"},"query-input":{"@type":"PropertyValueSpecification","valueRequired":true,"valueName":"search_term_string"}}],"inLanguage":"it-IT"},{"@type":"Organization","@id":"https:\/\/www.nadiodelai.it\/nd2024\/#organization","name":"Nadio Delai","url":"https:\/\/www.nadiodelai.it\/nd2024\/","logo":{"@type":"ImageObject","inLanguage":"it-IT","@id":"https:\/\/www.nadiodelai.it\/nd2024\/#\/schema\/logo\/image\/","url":"https:\/\/www.nadiodelai.it\/nd2024\/wp-content\/uploads\/2022\/07\/logonadiodelai.jpg","contentUrl":"https:\/\/www.nadiodelai.it\/nd2024\/wp-content\/uploads\/2022\/07\/logonadiodelai.jpg","width":283,"height":59,"caption":"Nadio Delai"},"image":{"@id":"https:\/\/www.nadiodelai.it\/nd2024\/#\/schema\/logo\/image\/"}},{"@type":"Person","@id":"https:\/\/www.nadiodelai.it\/nd2024\/#\/schema\/person\/01faa8efddc8a7a695d55a25702d0a31","name":"mikinadiodelai","image":{"@type":"ImageObject","inLanguage":"it-IT","@id":"https:\/\/secure.gravatar.com\/avatar\/6c91c98616ba911912872989bdffe1477f5a0b877fcf4d4fdf15dd16ef32064a?s=96&d=mm&r=g","url":"https:\/\/secure.gravatar.com\/avatar\/6c91c98616ba911912872989bdffe1477f5a0b877fcf4d4fdf15dd16ef32064a?s=96&d=mm&r=g","contentUrl":"https:\/\/secure.gravatar.com\/avatar\/6c91c98616ba911912872989bdffe1477f5a0b877fcf4d4fdf15dd16ef32064a?s=96&d=mm&r=g","caption":"mikinadiodelai"},"sameAs":["https:\/\/www.nadiodelai.it\/nd2024"],"url":"https:\/\/www.nadiodelai.it\/nd2024\/author\/mikinadiodelai\/"}]}},"jetpack_sharing_enabled":true,"jetpack_featured_media_url":"https:\/\/www.nadiodelai.it\/nd2024\/wp-content\/uploads\/2022\/11\/anzianooggi2011.jpg","_links":{"self":[{"href":"https:\/\/www.nadiodelai.it\/nd2024\/wp-json\/wp\/v2\/posts\/1329","targetHints":{"allow":["GET"]}}],"collection":[{"href":"https:\/\/www.nadiodelai.it\/nd2024\/wp-json\/wp\/v2\/posts"}],"about":[{"href":"https:\/\/www.nadiodelai.it\/nd2024\/wp-json\/wp\/v2\/types\/post"}],"author":[{"embeddable":true,"href":"https:\/\/www.nadiodelai.it\/nd2024\/wp-json\/wp\/v2\/users\/1"}],"replies":[{"embeddable":true,"href":"https:\/\/www.nadiodelai.it\/nd2024\/wp-json\/wp\/v2\/comments?post=1329"}],"version-history":[{"count":0,"href":"https:\/\/www.nadiodelai.it\/nd2024\/wp-json\/wp\/v2\/posts\/1329\/revisions"}],"wp:featuredmedia":[{"embeddable":true,"href":"https:\/\/www.nadiodelai.it\/nd2024\/wp-json\/wp\/v2\/media\/1330"}],"wp:attachment":[{"href":"https:\/\/www.nadiodelai.it\/nd2024\/wp-json\/wp\/v2\/media?parent=1329"}],"wp:term":[{"taxonomy":"category","embeddable":true,"href":"https:\/\/www.nadiodelai.it\/nd2024\/wp-json\/wp\/v2\/categories?post=1329"},{"taxonomy":"post_tag","embeddable":true,"href":"https:\/\/www.nadiodelai.it\/nd2024\/wp-json\/wp\/v2\/tags?post=1329"}],"curies":[{"name":"wp","href":"https:\/\/api.w.org\/{rel}","templated":true}]}}