{"id":1336,"date":"2022-11-03T12:38:42","date_gmt":"2022-11-03T11:38:42","guid":{"rendered":"https:\/\/www.nadiodelai.it\/nd2024\/?p=1336"},"modified":"2022-11-03T12:38:42","modified_gmt":"2022-11-03T11:38:42","slug":"una-piattaforma-per-la-maturita-attiva-2008","status":"publish","type":"post","link":"https:\/\/www.nadiodelai.it\/nd2024\/una-piattaforma-per-la-maturita-attiva-2008\/","title":{"rendered":"Una piattaforma per la maturit\u00e0 attiva\/2008"},"content":{"rendered":"<p style=\"text-align: justify;\">Il Rapporto 50&amp;Pi\u00f9 Fenacom 2008 \u00e8 dedicato esplicitamente all\u2019esplorazione di una possibile vita attiva a pieno titolo, a partire proprio dal momento dell\u2019entrata in pensione delle persone.<br \/>\nUn po\u2019 provocatoriamente si potrebbe dire che a sessant\u2019anni (et\u00e0 media della quiescenza oggi in Italia) pu\u00f2 cominciare un secondo ciclo di vita attiva, ivi compreso l\u2019ambito lavorativo, anche di tipo diverso rispetto a quello gi\u00e0 sperimentato, evitando di pensare che la discontinuit\u00e0 riguardi sempre le altre generazioni e mai la propria.<br \/>\nL\u2019anziano vitale \u00e8 sempre pi\u00f9 percepito come tale e inoltre esso si aspetta un maggior ruolo sociale riconosciuto.<br \/>\nEbbene se la soggettualit\u00e0 matura \u00e8 oggi pi\u00f9 forte e si accompagna in parallelo ad una crescita numerica pronunciata delle persone della terza et\u00e0 (con i baby-boomers, pi\u00f9 istruiti, pi\u00f9 professionalizzati, pi\u00f9 esigenti, in corso di pensionamento) anche la responsabilit\u00e0 di tali soggetti tende a diventare pi\u00f9 elevata: non si pu\u00f2 pensare di contare di pi\u00f9 senza dare di pi\u00f9, avendo spalle pi\u00f9 robuste rispetto al passato.<br \/>\nSe si vuole essere ascoltati maggiormente come categoria bisogna riconoscere la propria forza e giocare quest\u2019ultima sul piano dei rapporti tra le generazioni, sollecitando contemporaneamente istituzioni e mercato a fare la propria parte nei confronti di soggetti sociali pi\u00f9 dinamici.<br \/>\nIl Rapporto 2008 ha esplorato perci\u00f2 le propensioni delle persone nel rileggere la propria fase pensionistica presente o futura, in vista dell\u2019assunzione di maggiori impegni, a partire proprio dalla vita di lavoro (ma non solo).<br \/>\nTre fasce di et\u00e0 sono state esaminate in parallelo (i 50-59enni, i 60-69enni e i 70enni e oltre), verificando come l\u2019iceberg dell\u2019abitudine si stia sciogliendo ed esista un insieme di situazioni gi\u00e0 oggi definibili come \u201cpensionamento attivo\u201d. Senza contare la propensione ad incrementare tale condizione da parte di tutti gli intervistati e specialmente da parte dei 60-69enni che sembrano rappresentare la fascia di prima, naturale estensione di una vita pi\u00f9 attiva.<br \/>\nPer questo si \u00e8 anche predisposta da parte dell\u2019Associazione 50&amp;Pi\u00f9 Fenacom una vera e propria \u201cPiattaforma per la maturit\u00e0 attiva\u201d, diretta a sollecitare quelle azioni di accompagnamento da parte dei soggetti pubblici, che meglio possono aiutare l\u2019esercizio di una libera prosecuzione del proprio impegno, per s\u00e9 e per l\u2019intera societ\u00e0.<\/p>\n","protected":false},"excerpt":{"rendered":"<p>Il Rapporto 50&amp;Pi\u00f9 Fenacom 2008 \u00e8 dedicato esplicitamente all\u2019esplorazione di una possibile vita attiva a pieno titolo, a partire proprio dal momento dell\u2019entrata in pensione delle persone. Un po\u2019 provocatoriamente si potrebbe dire che a sessant\u2019anni (et\u00e0 media della quiescenza oggi in Italia) pu\u00f2 cominciare un secondo ciclo di vita attiva, ivi compreso l\u2019ambito lavorativo, [&hellip;]<\/p>\n","protected":false},"author":1,"featured_media":1337,"comment_status":"open","ping_status":"open","sticky":false,"template":"","format":"standard","meta":{"_acf_changed":false,"ngg_post_thumbnail":0,"_jetpack_newsletter_access":"","_jetpack_dont_email_post_to_subs":false,"_jetpack_newsletter_tier_id":0,"_jetpack_memberships_contains_paywalled_content":false,"_jetpack_feature_clip_id":0,"_jetpack_memberships_contains_paid_content":false,"footnotes":"","jetpack_post_was_ever_published":false},"categories":[10],"tags":[144],"class_list":["post-1336","post","type-post","status-publish","format-standard","has-post-thumbnail","hentry","category-rapporti-monografici-sugli-anziani-vitali","tag-una-piattaforma-per-la-maturita-attiva-2008"],"acf":[],"yoast_head":"<!-- This site is optimized with the Yoast SEO plugin v28.3 - https:\/\/yoast.com\/product\/yoast-seo-wordpress\/ -->\n<title>Una piattaforma per la maturit\u00e0 attiva\/2008 - Nadio Delai<\/title>\n<meta name=\"description\" content=\"Il Rapporto 50&amp;Pi\u00f9 Fenacom 2008 \u00e8 dedicato esplicitamente all\u2019esplorazione di una possibile vita attiva a pieno titolo.\" \/>\n<meta name=\"robots\" content=\"index, follow, max-snippet:-1, max-image-preview:large, max-video-preview:-1\" \/>\n<link rel=\"canonical\" href=\"https:\/\/www.nadiodelai.it\/nd2024\/una-piattaforma-per-la-maturita-attiva-2008\/\" \/>\n<meta property=\"og:locale\" content=\"it_IT\" \/>\n<meta property=\"og:type\" content=\"article\" \/>\n<meta property=\"og:title\" content=\"Una piattaforma per la maturit\u00e0 attiva\/2008 - Nadio Delai\" \/>\n<meta property=\"og:description\" content=\"Il Rapporto 50&amp;Pi\u00f9 Fenacom 2008 \u00e8 dedicato esplicitamente all\u2019esplorazione di una possibile vita attiva a pieno titolo.\" \/>\n<meta property=\"og:url\" content=\"https:\/\/www.nadiodelai.it\/nd2024\/una-piattaforma-per-la-maturita-attiva-2008\/\" \/>\n<meta property=\"og:site_name\" content=\"Nadio Delai\" \/>\n<meta property=\"article:published_time\" content=\"2022-11-03T11:38:42+00:00\" \/>\n<meta property=\"og:image\" content=\"https:\/\/www.nadiodelai.it\/nd2024\/wp-content\/uploads\/2022\/11\/essere-anziani-oggi.jpg\" \/>\n\t<meta property=\"og:image:width\" content=\"250\" \/>\n\t<meta property=\"og:image:height\" content=\"341\" \/>\n\t<meta property=\"og:image:type\" content=\"image\/jpeg\" \/>\n<meta name=\"author\" content=\"mikinadiodelai\" \/>\n<meta name=\"twitter:card\" content=\"summary_large_image\" \/>\n<meta name=\"twitter:label1\" content=\"Scritto da\" \/>\n\t<meta name=\"twitter:data1\" content=\"mikinadiodelai\" \/>\n\t<meta name=\"twitter:label2\" content=\"Tempo di lettura stimato\" \/>\n\t<meta name=\"twitter:data2\" content=\"2 minuti\" \/>\n<script type=\"application\/ld+json\" class=\"yoast-schema-graph\">{\"@context\":\"https:\\\/\\\/schema.org\",\"@graph\":[{\"@type\":\"Article\",\"@id\":\"https:\\\/\\\/www.nadiodelai.it\\\/nd2024\\\/una-piattaforma-per-la-maturita-attiva-2008\\\/#article\",\"isPartOf\":{\"@id\":\"https:\\\/\\\/www.nadiodelai.it\\\/nd2024\\\/una-piattaforma-per-la-maturita-attiva-2008\\\/\"},\"author\":{\"name\":\"mikinadiodelai\",\"@id\":\"https:\\\/\\\/www.nadiodelai.it\\\/nd2024\\\/#\\\/schema\\\/person\\\/01faa8efddc8a7a695d55a25702d0a31\"},\"headline\":\"Una piattaforma per la maturit\u00e0 attiva\\\/2008\",\"datePublished\":\"2022-11-03T11:38:42+00:00\",\"mainEntityOfPage\":{\"@id\":\"https:\\\/\\\/www.nadiodelai.it\\\/nd2024\\\/una-piattaforma-per-la-maturita-attiva-2008\\\/\"},\"wordCount\":377,\"commentCount\":0,\"publisher\":{\"@id\":\"https:\\\/\\\/www.nadiodelai.it\\\/nd2024\\\/#organization\"},\"image\":{\"@id\":\"https:\\\/\\\/www.nadiodelai.it\\\/nd2024\\\/una-piattaforma-per-la-maturita-attiva-2008\\\/#primaryimage\"},\"thumbnailUrl\":\"https:\\\/\\\/www.nadiodelai.it\\\/nd2024\\\/wp-content\\\/uploads\\\/2022\\\/11\\\/essere-anziani-oggi.jpg\",\"keywords\":[\"Una piattaforma per la maturit\u00e0 attiva\\\/2008\"],\"articleSection\":[\"Rapporti Monografici sugli Anziani Vitali\"],\"inLanguage\":\"it-IT\",\"potentialAction\":[{\"@type\":\"CommentAction\",\"name\":\"Comment\",\"target\":[\"https:\\\/\\\/www.nadiodelai.it\\\/nd2024\\\/una-piattaforma-per-la-maturita-attiva-2008\\\/#respond\"]}]},{\"@type\":\"WebPage\",\"@id\":\"https:\\\/\\\/www.nadiodelai.it\\\/nd2024\\\/una-piattaforma-per-la-maturita-attiva-2008\\\/\",\"url\":\"https:\\\/\\\/www.nadiodelai.it\\\/nd2024\\\/una-piattaforma-per-la-maturita-attiva-2008\\\/\",\"name\":\"Una piattaforma per la maturit\u00e0 attiva\\\/2008 - Nadio Delai\",\"isPartOf\":{\"@id\":\"https:\\\/\\\/www.nadiodelai.it\\\/nd2024\\\/#website\"},\"primaryImageOfPage\":{\"@id\":\"https:\\\/\\\/www.nadiodelai.it\\\/nd2024\\\/una-piattaforma-per-la-maturita-attiva-2008\\\/#primaryimage\"},\"image\":{\"@id\":\"https:\\\/\\\/www.nadiodelai.it\\\/nd2024\\\/una-piattaforma-per-la-maturita-attiva-2008\\\/#primaryimage\"},\"thumbnailUrl\":\"https:\\\/\\\/www.nadiodelai.it\\\/nd2024\\\/wp-content\\\/uploads\\\/2022\\\/11\\\/essere-anziani-oggi.jpg\",\"datePublished\":\"2022-11-03T11:38:42+00:00\",\"description\":\"Il Rapporto 50&Pi\u00f9 Fenacom 2008 \u00e8 dedicato esplicitamente all\u2019esplorazione di una possibile vita attiva a pieno titolo.\",\"breadcrumb\":{\"@id\":\"https:\\\/\\\/www.nadiodelai.it\\\/nd2024\\\/una-piattaforma-per-la-maturita-attiva-2008\\\/#breadcrumb\"},\"inLanguage\":\"it-IT\",\"potentialAction\":[{\"@type\":\"ReadAction\",\"target\":[\"https:\\\/\\\/www.nadiodelai.it\\\/nd2024\\\/una-piattaforma-per-la-maturita-attiva-2008\\\/\"]}]},{\"@type\":\"ImageObject\",\"inLanguage\":\"it-IT\",\"@id\":\"https:\\\/\\\/www.nadiodelai.it\\\/nd2024\\\/una-piattaforma-per-la-maturita-attiva-2008\\\/#primaryimage\",\"url\":\"https:\\\/\\\/www.nadiodelai.it\\\/nd2024\\\/wp-content\\\/uploads\\\/2022\\\/11\\\/essere-anziani-oggi.jpg\",\"contentUrl\":\"https:\\\/\\\/www.nadiodelai.it\\\/nd2024\\\/wp-content\\\/uploads\\\/2022\\\/11\\\/essere-anziani-oggi.jpg\",\"width\":250,\"height\":341,\"caption\":\"Una piattaforma per la maturit\u00e0 attiva\\\/2008\"},{\"@type\":\"BreadcrumbList\",\"@id\":\"https:\\\/\\\/www.nadiodelai.it\\\/nd2024\\\/una-piattaforma-per-la-maturita-attiva-2008\\\/#breadcrumb\",\"itemListElement\":[{\"@type\":\"ListItem\",\"position\":1,\"name\":\"Home\",\"item\":\"https:\\\/\\\/www.nadiodelai.it\\\/nd2024\\\/\"},{\"@type\":\"ListItem\",\"position\":2,\"name\":\"Una piattaforma per la maturit\u00e0 attiva\\\/2008\"}]},{\"@type\":\"WebSite\",\"@id\":\"https:\\\/\\\/www.nadiodelai.it\\\/nd2024\\\/#website\",\"url\":\"https:\\\/\\\/www.nadiodelai.it\\\/nd2024\\\/\",\"name\":\"Nadio Delai\",\"description\":\"Pubblicazioni di economia\",\"publisher\":{\"@id\":\"https:\\\/\\\/www.nadiodelai.it\\\/nd2024\\\/#organization\"},\"potentialAction\":[{\"@type\":\"SearchAction\",\"target\":{\"@type\":\"EntryPoint\",\"urlTemplate\":\"https:\\\/\\\/www.nadiodelai.it\\\/nd2024\\\/?s={search_term_string}\"},\"query-input\":{\"@type\":\"PropertyValueSpecification\",\"valueRequired\":true,\"valueName\":\"search_term_string\"}}],\"inLanguage\":\"it-IT\"},{\"@type\":\"Organization\",\"@id\":\"https:\\\/\\\/www.nadiodelai.it\\\/nd2024\\\/#organization\",\"name\":\"Nadio Delai\",\"url\":\"https:\\\/\\\/www.nadiodelai.it\\\/nd2024\\\/\",\"logo\":{\"@type\":\"ImageObject\",\"inLanguage\":\"it-IT\",\"@id\":\"https:\\\/\\\/www.nadiodelai.it\\\/nd2024\\\/#\\\/schema\\\/logo\\\/image\\\/\",\"url\":\"https:\\\/\\\/www.nadiodelai.it\\\/nd2024\\\/wp-content\\\/uploads\\\/2022\\\/07\\\/logonadiodelai.jpg\",\"contentUrl\":\"https:\\\/\\\/www.nadiodelai.it\\\/nd2024\\\/wp-content\\\/uploads\\\/2022\\\/07\\\/logonadiodelai.jpg\",\"width\":283,\"height\":59,\"caption\":\"Nadio Delai\"},\"image\":{\"@id\":\"https:\\\/\\\/www.nadiodelai.it\\\/nd2024\\\/#\\\/schema\\\/logo\\\/image\\\/\"}},{\"@type\":\"Person\",\"@id\":\"https:\\\/\\\/www.nadiodelai.it\\\/nd2024\\\/#\\\/schema\\\/person\\\/01faa8efddc8a7a695d55a25702d0a31\",\"name\":\"mikinadiodelai\",\"image\":{\"@type\":\"ImageObject\",\"inLanguage\":\"it-IT\",\"@id\":\"https:\\\/\\\/secure.gravatar.com\\\/avatar\\\/6c91c98616ba911912872989bdffe1477f5a0b877fcf4d4fdf15dd16ef32064a?s=96&d=mm&r=g\",\"url\":\"https:\\\/\\\/secure.gravatar.com\\\/avatar\\\/6c91c98616ba911912872989bdffe1477f5a0b877fcf4d4fdf15dd16ef32064a?s=96&d=mm&r=g\",\"contentUrl\":\"https:\\\/\\\/secure.gravatar.com\\\/avatar\\\/6c91c98616ba911912872989bdffe1477f5a0b877fcf4d4fdf15dd16ef32064a?s=96&d=mm&r=g\",\"caption\":\"mikinadiodelai\"},\"sameAs\":[\"https:\\\/\\\/www.nadiodelai.it\\\/nd2024\"],\"url\":\"https:\\\/\\\/www.nadiodelai.it\\\/nd2024\\\/author\\\/mikinadiodelai\\\/\"}]}<\/script>\n<!-- \/ Yoast SEO plugin. -->","yoast_head_json":{"title":"Una piattaforma per la maturit\u00e0 attiva\/2008 - Nadio Delai","description":"Il Rapporto 50&Pi\u00f9 Fenacom 2008 \u00e8 dedicato esplicitamente all\u2019esplorazione di una possibile vita attiva a pieno titolo.","robots":{"index":"index","follow":"follow","max-snippet":"max-snippet:-1","max-image-preview":"max-image-preview:large","max-video-preview":"max-video-preview:-1"},"canonical":"https:\/\/www.nadiodelai.it\/nd2024\/una-piattaforma-per-la-maturita-attiva-2008\/","og_locale":"it_IT","og_type":"article","og_title":"Una piattaforma per la maturit\u00e0 attiva\/2008 - Nadio Delai","og_description":"Il Rapporto 50&Pi\u00f9 Fenacom 2008 \u00e8 dedicato esplicitamente all\u2019esplorazione di una possibile vita attiva a pieno titolo.","og_url":"https:\/\/www.nadiodelai.it\/nd2024\/una-piattaforma-per-la-maturita-attiva-2008\/","og_site_name":"Nadio Delai","article_published_time":"2022-11-03T11:38:42+00:00","og_image":[{"width":250,"height":341,"url":"https:\/\/www.nadiodelai.it\/nd2024\/wp-content\/uploads\/2022\/11\/essere-anziani-oggi.jpg","type":"image\/jpeg"}],"author":"mikinadiodelai","twitter_card":"summary_large_image","twitter_misc":{"Scritto da":"mikinadiodelai","Tempo di lettura stimato":"2 minuti"},"schema":{"@context":"https:\/\/schema.org","@graph":[{"@type":"Article","@id":"https:\/\/www.nadiodelai.it\/nd2024\/una-piattaforma-per-la-maturita-attiva-2008\/#article","isPartOf":{"@id":"https:\/\/www.nadiodelai.it\/nd2024\/una-piattaforma-per-la-maturita-attiva-2008\/"},"author":{"name":"mikinadiodelai","@id":"https:\/\/www.nadiodelai.it\/nd2024\/#\/schema\/person\/01faa8efddc8a7a695d55a25702d0a31"},"headline":"Una piattaforma per la maturit\u00e0 attiva\/2008","datePublished":"2022-11-03T11:38:42+00:00","mainEntityOfPage":{"@id":"https:\/\/www.nadiodelai.it\/nd2024\/una-piattaforma-per-la-maturita-attiva-2008\/"},"wordCount":377,"commentCount":0,"publisher":{"@id":"https:\/\/www.nadiodelai.it\/nd2024\/#organization"},"image":{"@id":"https:\/\/www.nadiodelai.it\/nd2024\/una-piattaforma-per-la-maturita-attiva-2008\/#primaryimage"},"thumbnailUrl":"https:\/\/www.nadiodelai.it\/nd2024\/wp-content\/uploads\/2022\/11\/essere-anziani-oggi.jpg","keywords":["Una piattaforma per la maturit\u00e0 attiva\/2008"],"articleSection":["Rapporti Monografici sugli Anziani Vitali"],"inLanguage":"it-IT","potentialAction":[{"@type":"CommentAction","name":"Comment","target":["https:\/\/www.nadiodelai.it\/nd2024\/una-piattaforma-per-la-maturita-attiva-2008\/#respond"]}]},{"@type":"WebPage","@id":"https:\/\/www.nadiodelai.it\/nd2024\/una-piattaforma-per-la-maturita-attiva-2008\/","url":"https:\/\/www.nadiodelai.it\/nd2024\/una-piattaforma-per-la-maturita-attiva-2008\/","name":"Una piattaforma per la maturit\u00e0 attiva\/2008 - Nadio Delai","isPartOf":{"@id":"https:\/\/www.nadiodelai.it\/nd2024\/#website"},"primaryImageOfPage":{"@id":"https:\/\/www.nadiodelai.it\/nd2024\/una-piattaforma-per-la-maturita-attiva-2008\/#primaryimage"},"image":{"@id":"https:\/\/www.nadiodelai.it\/nd2024\/una-piattaforma-per-la-maturita-attiva-2008\/#primaryimage"},"thumbnailUrl":"https:\/\/www.nadiodelai.it\/nd2024\/wp-content\/uploads\/2022\/11\/essere-anziani-oggi.jpg","datePublished":"2022-11-03T11:38:42+00:00","description":"Il Rapporto 50&Pi\u00f9 Fenacom 2008 \u00e8 dedicato esplicitamente all\u2019esplorazione di una possibile vita attiva a pieno titolo.","breadcrumb":{"@id":"https:\/\/www.nadiodelai.it\/nd2024\/una-piattaforma-per-la-maturita-attiva-2008\/#breadcrumb"},"inLanguage":"it-IT","potentialAction":[{"@type":"ReadAction","target":["https:\/\/www.nadiodelai.it\/nd2024\/una-piattaforma-per-la-maturita-attiva-2008\/"]}]},{"@type":"ImageObject","inLanguage":"it-IT","@id":"https:\/\/www.nadiodelai.it\/nd2024\/una-piattaforma-per-la-maturita-attiva-2008\/#primaryimage","url":"https:\/\/www.nadiodelai.it\/nd2024\/wp-content\/uploads\/2022\/11\/essere-anziani-oggi.jpg","contentUrl":"https:\/\/www.nadiodelai.it\/nd2024\/wp-content\/uploads\/2022\/11\/essere-anziani-oggi.jpg","width":250,"height":341,"caption":"Una piattaforma per la maturit\u00e0 attiva\/2008"},{"@type":"BreadcrumbList","@id":"https:\/\/www.nadiodelai.it\/nd2024\/una-piattaforma-per-la-maturita-attiva-2008\/#breadcrumb","itemListElement":[{"@type":"ListItem","position":1,"name":"Home","item":"https:\/\/www.nadiodelai.it\/nd2024\/"},{"@type":"ListItem","position":2,"name":"Una piattaforma per la maturit\u00e0 attiva\/2008"}]},{"@type":"WebSite","@id":"https:\/\/www.nadiodelai.it\/nd2024\/#website","url":"https:\/\/www.nadiodelai.it\/nd2024\/","name":"Nadio Delai","description":"Pubblicazioni di economia","publisher":{"@id":"https:\/\/www.nadiodelai.it\/nd2024\/#organization"},"potentialAction":[{"@type":"SearchAction","target":{"@type":"EntryPoint","urlTemplate":"https:\/\/www.nadiodelai.it\/nd2024\/?s={search_term_string}"},"query-input":{"@type":"PropertyValueSpecification","valueRequired":true,"valueName":"search_term_string"}}],"inLanguage":"it-IT"},{"@type":"Organization","@id":"https:\/\/www.nadiodelai.it\/nd2024\/#organization","name":"Nadio Delai","url":"https:\/\/www.nadiodelai.it\/nd2024\/","logo":{"@type":"ImageObject","inLanguage":"it-IT","@id":"https:\/\/www.nadiodelai.it\/nd2024\/#\/schema\/logo\/image\/","url":"https:\/\/www.nadiodelai.it\/nd2024\/wp-content\/uploads\/2022\/07\/logonadiodelai.jpg","contentUrl":"https:\/\/www.nadiodelai.it\/nd2024\/wp-content\/uploads\/2022\/07\/logonadiodelai.jpg","width":283,"height":59,"caption":"Nadio Delai"},"image":{"@id":"https:\/\/www.nadiodelai.it\/nd2024\/#\/schema\/logo\/image\/"}},{"@type":"Person","@id":"https:\/\/www.nadiodelai.it\/nd2024\/#\/schema\/person\/01faa8efddc8a7a695d55a25702d0a31","name":"mikinadiodelai","image":{"@type":"ImageObject","inLanguage":"it-IT","@id":"https:\/\/secure.gravatar.com\/avatar\/6c91c98616ba911912872989bdffe1477f5a0b877fcf4d4fdf15dd16ef32064a?s=96&d=mm&r=g","url":"https:\/\/secure.gravatar.com\/avatar\/6c91c98616ba911912872989bdffe1477f5a0b877fcf4d4fdf15dd16ef32064a?s=96&d=mm&r=g","contentUrl":"https:\/\/secure.gravatar.com\/avatar\/6c91c98616ba911912872989bdffe1477f5a0b877fcf4d4fdf15dd16ef32064a?s=96&d=mm&r=g","caption":"mikinadiodelai"},"sameAs":["https:\/\/www.nadiodelai.it\/nd2024"],"url":"https:\/\/www.nadiodelai.it\/nd2024\/author\/mikinadiodelai\/"}]}},"jetpack_sharing_enabled":true,"jetpack_featured_media_url":"https:\/\/www.nadiodelai.it\/nd2024\/wp-content\/uploads\/2022\/11\/essere-anziani-oggi.jpg","_links":{"self":[{"href":"https:\/\/www.nadiodelai.it\/nd2024\/wp-json\/wp\/v2\/posts\/1336","targetHints":{"allow":["GET"]}}],"collection":[{"href":"https:\/\/www.nadiodelai.it\/nd2024\/wp-json\/wp\/v2\/posts"}],"about":[{"href":"https:\/\/www.nadiodelai.it\/nd2024\/wp-json\/wp\/v2\/types\/post"}],"author":[{"embeddable":true,"href":"https:\/\/www.nadiodelai.it\/nd2024\/wp-json\/wp\/v2\/users\/1"}],"replies":[{"embeddable":true,"href":"https:\/\/www.nadiodelai.it\/nd2024\/wp-json\/wp\/v2\/comments?post=1336"}],"version-history":[{"count":0,"href":"https:\/\/www.nadiodelai.it\/nd2024\/wp-json\/wp\/v2\/posts\/1336\/revisions"}],"wp:featuredmedia":[{"embeddable":true,"href":"https:\/\/www.nadiodelai.it\/nd2024\/wp-json\/wp\/v2\/media\/1337"}],"wp:attachment":[{"href":"https:\/\/www.nadiodelai.it\/nd2024\/wp-json\/wp\/v2\/media?parent=1336"}],"wp:term":[{"taxonomy":"category","embeddable":true,"href":"https:\/\/www.nadiodelai.it\/nd2024\/wp-json\/wp\/v2\/categories?post=1336"},{"taxonomy":"post_tag","embeddable":true,"href":"https:\/\/www.nadiodelai.it\/nd2024\/wp-json\/wp\/v2\/tags?post=1336"}],"curies":[{"name":"wp","href":"https:\/\/api.w.org\/{rel}","templated":true}]}}