{"id":1342,"date":"2022-11-03T13:34:23","date_gmt":"2022-11-03T12:34:23","guid":{"rendered":"https:\/\/www.nadiodelai.it\/nd2024\/?p=1342"},"modified":"2022-11-03T16:12:28","modified_gmt":"2022-11-03T15:12:28","slug":"redistribuire-il-sovraccarico-della-generazione-adulta-2005","status":"publish","type":"post","link":"https:\/\/www.nadiodelai.it\/nd2024\/redistribuire-il-sovraccarico-della-generazione-adulta-2005\/","title":{"rendered":"Redistribuire il &#8220;sovraccarico&#8221; della generazione adulta\/2005"},"content":{"rendered":"<p style=\"text-align: justify;\">Il Rapporto Essere Anziano Oggi costituisce ormai un appuntamento annuale che offre l\u2019opportunit\u00e0 di riflettere sul tema dell\u2019invecchiamento della popolazione, ma in un\u2019ottica positiva e promozionale nei confronti della terza et\u00e0.<br \/>\nSin dall\u2019inizio infatti si \u00e8 voluto mettere l\u2019accento sulle \u201crisorse nascoste\u201d che fanno capo al mondo anziano, tradizionalmente percepito pi\u00f9 come un problema che non come parte della soluzione.<br \/>\nSe \u00e8 vero che il 90% delle persone mature \u00e8 ancora in forze e sostanzialmente autonomo, malgrado qualche problema con cui convivere, allora bisogna saper sfruttare questa potenzialit\u00e0 sia per la categoria che per l\u2019intera societ\u00e0.<br \/>\nMa, di Rapporto in Rapporto (e questo \u00e8 ormai l\u2019ottavo), ci si \u00e8 resi conto che rimettere in gioco gli anziani significa riconsiderare anche i rapporti che intercorrono tra le diverse generazioni e le rispettive responsabilit\u00e0.<br \/>\nPer questo si \u00e8 voluto quest\u2019anno \u201cparlare di adulti per parlare di anziani\u201d (oltre che di giovani).<br \/>\nI confini della famiglia allargata (comprendente cio\u00e8 i membri non conviventi) tendono infatti oggi ad ampliarsi, per l\u2019esistenza contemporanea di persone molto giovani, adulte, anziane e molto anziane, che intrattengono rapporti di reciproco aiuto economico, assistenza e sostegno psicologico.<br \/>\nIn questo quadro la generazione adulta finisce col risultare compressa da una fascia di giovani con permanenza prolungata in famiglia, da un lato e da una fascia di anziani che presenta una speranza di vita sempre pi\u00f9 elevata, dall\u2019altro.<br \/>\nCome affrontare allora una rivalutazione del ruolo delle persone anziane, senza ripensare l\u2019insieme delle relazioni che legano queste ultime al mondo adulto? E come non coinvolgere nella revisione il rapporto tra adulti e giovani che costituiscono l\u2019altra componente del sovraccarico della fascia generazionale intermedia?<br \/>\nIl Rapporto esplora questo territorio pi\u00f9 ampio, nel quale poter redistribuire le responsabilit\u00e0 che fanno capo a tutte le fasce di et\u00e0 considerate, nella consapevolezza che solo una revisione dei rispettivi ruoli e responsabilit\u00e0 pu\u00f2 creare una prospettiva pi\u00f9 stabile ed equilibrata di convivenza rispetto a quella attuale.<\/p>\n","protected":false},"excerpt":{"rendered":"<p>Il Rapporto Essere Anziano Oggi costituisce ormai un appuntamento annuale che offre l\u2019opportunit\u00e0 di riflettere sul tema dell\u2019invecchiamento della popolazione, ma in un\u2019ottica positiva e promozionale nei confronti della terza et\u00e0. Sin dall\u2019inizio infatti si \u00e8 voluto mettere l\u2019accento sulle \u201crisorse nascoste\u201d che fanno capo al mondo anziano, tradizionalmente percepito pi\u00f9 come un problema che [&hellip;]<\/p>\n","protected":false},"author":1,"featured_media":1343,"comment_status":"open","ping_status":"open","sticky":false,"template":"","format":"standard","meta":{"_acf_changed":false,"ngg_post_thumbnail":0,"_jetpack_newsletter_access":"","_jetpack_dont_email_post_to_subs":false,"_jetpack_newsletter_tier_id":0,"_jetpack_memberships_contains_paywalled_content":false,"_jetpack_feature_clip_id":0,"_jetpack_memberships_contains_paid_content":false,"footnotes":"","jetpack_post_was_ever_published":false},"categories":[10],"tags":[170],"class_list":["post-1342","post","type-post","status-publish","format-standard","has-post-thumbnail","hentry","category-rapporti-monografici-sugli-anziani-vitali","tag-redistribuire-il-sovraccarico-della-generazione-adulta-2005"],"acf":[],"yoast_head":"<!-- This site is optimized with the Yoast SEO plugin v28.3 - https:\/\/yoast.com\/product\/yoast-seo-wordpress\/ -->\n<title>Redistribuire il &quot;sovraccarico&quot; della generazione adulta\/2005 - Nadio Delai<\/title>\n<meta name=\"description\" content=\"Il Rapporto Essere Anziano Oggi costituisce ormai un appuntamento annuale che offre l\u2019opportunit\u00e0 di riflettere sul tema dell\u2019invecchiamento della popolazione, ma in un\u2019ottica positiva e promozionale nei confronti della terza et\u00e0.\" \/>\n<meta name=\"robots\" content=\"index, follow, max-snippet:-1, max-image-preview:large, max-video-preview:-1\" \/>\n<link rel=\"canonical\" href=\"https:\/\/www.nadiodelai.it\/nd2024\/redistribuire-il-sovraccarico-della-generazione-adulta-2005\/\" \/>\n<meta property=\"og:locale\" content=\"it_IT\" \/>\n<meta property=\"og:type\" content=\"article\" \/>\n<meta property=\"og:title\" content=\"Redistribuire il &quot;sovraccarico&quot; della generazione adulta\/2005 - Nadio Delai\" \/>\n<meta property=\"og:description\" content=\"Il Rapporto Essere Anziano Oggi costituisce ormai un appuntamento annuale che offre l\u2019opportunit\u00e0 di riflettere sul tema dell\u2019invecchiamento della popolazione, ma in un\u2019ottica positiva e promozionale nei confronti della terza et\u00e0.\" \/>\n<meta property=\"og:url\" content=\"https:\/\/www.nadiodelai.it\/nd2024\/redistribuire-il-sovraccarico-della-generazione-adulta-2005\/\" \/>\n<meta property=\"og:site_name\" content=\"Nadio Delai\" \/>\n<meta property=\"article:published_time\" content=\"2022-11-03T12:34:23+00:00\" \/>\n<meta property=\"article:modified_time\" content=\"2022-11-03T15:12:28+00:00\" \/>\n<meta property=\"og:image\" content=\"https:\/\/www.nadiodelai.it\/nd2024\/wp-content\/uploads\/2022\/11\/ridistribuire-sovraccarico-generaizone-adulta.jpg\" \/>\n\t<meta property=\"og:image:width\" content=\"250\" \/>\n\t<meta property=\"og:image:height\" content=\"329\" \/>\n\t<meta property=\"og:image:type\" content=\"image\/jpeg\" \/>\n<meta name=\"author\" content=\"mikinadiodelai\" \/>\n<meta name=\"twitter:card\" content=\"summary_large_image\" \/>\n<meta name=\"twitter:label1\" content=\"Scritto da\" \/>\n\t<meta name=\"twitter:data1\" content=\"mikinadiodelai\" \/>\n\t<meta name=\"twitter:label2\" content=\"Tempo di lettura stimato\" \/>\n\t<meta name=\"twitter:data2\" content=\"2 minuti\" \/>\n<script type=\"application\/ld+json\" class=\"yoast-schema-graph\">{\"@context\":\"https:\\\/\\\/schema.org\",\"@graph\":[{\"@type\":\"Article\",\"@id\":\"https:\\\/\\\/www.nadiodelai.it\\\/nd2024\\\/redistribuire-il-sovraccarico-della-generazione-adulta-2005\\\/#article\",\"isPartOf\":{\"@id\":\"https:\\\/\\\/www.nadiodelai.it\\\/nd2024\\\/redistribuire-il-sovraccarico-della-generazione-adulta-2005\\\/\"},\"author\":{\"name\":\"mikinadiodelai\",\"@id\":\"https:\\\/\\\/www.nadiodelai.it\\\/nd2024\\\/#\\\/schema\\\/person\\\/01faa8efddc8a7a695d55a25702d0a31\"},\"headline\":\"Redistribuire il &#8220;sovraccarico&#8221; della generazione adulta\\\/2005\",\"datePublished\":\"2022-11-03T12:34:23+00:00\",\"dateModified\":\"2022-11-03T15:12:28+00:00\",\"mainEntityOfPage\":{\"@id\":\"https:\\\/\\\/www.nadiodelai.it\\\/nd2024\\\/redistribuire-il-sovraccarico-della-generazione-adulta-2005\\\/\"},\"wordCount\":330,\"commentCount\":0,\"publisher\":{\"@id\":\"https:\\\/\\\/www.nadiodelai.it\\\/nd2024\\\/#organization\"},\"image\":{\"@id\":\"https:\\\/\\\/www.nadiodelai.it\\\/nd2024\\\/redistribuire-il-sovraccarico-della-generazione-adulta-2005\\\/#primaryimage\"},\"thumbnailUrl\":\"https:\\\/\\\/www.nadiodelai.it\\\/nd2024\\\/wp-content\\\/uploads\\\/2022\\\/11\\\/ridistribuire-sovraccarico-generaizone-adulta.jpg\",\"keywords\":[\"Redistribuire il \\\"sovraccarico\\\" della generazione adulta\\\/2005\"],\"articleSection\":[\"Rapporti Monografici sugli Anziani Vitali\"],\"inLanguage\":\"it-IT\",\"potentialAction\":[{\"@type\":\"CommentAction\",\"name\":\"Comment\",\"target\":[\"https:\\\/\\\/www.nadiodelai.it\\\/nd2024\\\/redistribuire-il-sovraccarico-della-generazione-adulta-2005\\\/#respond\"]}]},{\"@type\":\"WebPage\",\"@id\":\"https:\\\/\\\/www.nadiodelai.it\\\/nd2024\\\/redistribuire-il-sovraccarico-della-generazione-adulta-2005\\\/\",\"url\":\"https:\\\/\\\/www.nadiodelai.it\\\/nd2024\\\/redistribuire-il-sovraccarico-della-generazione-adulta-2005\\\/\",\"name\":\"Redistribuire il \\\"sovraccarico\\\" della generazione adulta\\\/2005 - Nadio Delai\",\"isPartOf\":{\"@id\":\"https:\\\/\\\/www.nadiodelai.it\\\/nd2024\\\/#website\"},\"primaryImageOfPage\":{\"@id\":\"https:\\\/\\\/www.nadiodelai.it\\\/nd2024\\\/redistribuire-il-sovraccarico-della-generazione-adulta-2005\\\/#primaryimage\"},\"image\":{\"@id\":\"https:\\\/\\\/www.nadiodelai.it\\\/nd2024\\\/redistribuire-il-sovraccarico-della-generazione-adulta-2005\\\/#primaryimage\"},\"thumbnailUrl\":\"https:\\\/\\\/www.nadiodelai.it\\\/nd2024\\\/wp-content\\\/uploads\\\/2022\\\/11\\\/ridistribuire-sovraccarico-generaizone-adulta.jpg\",\"datePublished\":\"2022-11-03T12:34:23+00:00\",\"dateModified\":\"2022-11-03T15:12:28+00:00\",\"description\":\"Il Rapporto Essere Anziano Oggi costituisce ormai un appuntamento annuale che offre l\u2019opportunit\u00e0 di riflettere sul tema dell\u2019invecchiamento della popolazione, ma in un\u2019ottica positiva e promozionale nei confronti della terza et\u00e0.\",\"breadcrumb\":{\"@id\":\"https:\\\/\\\/www.nadiodelai.it\\\/nd2024\\\/redistribuire-il-sovraccarico-della-generazione-adulta-2005\\\/#breadcrumb\"},\"inLanguage\":\"it-IT\",\"potentialAction\":[{\"@type\":\"ReadAction\",\"target\":[\"https:\\\/\\\/www.nadiodelai.it\\\/nd2024\\\/redistribuire-il-sovraccarico-della-generazione-adulta-2005\\\/\"]}]},{\"@type\":\"ImageObject\",\"inLanguage\":\"it-IT\",\"@id\":\"https:\\\/\\\/www.nadiodelai.it\\\/nd2024\\\/redistribuire-il-sovraccarico-della-generazione-adulta-2005\\\/#primaryimage\",\"url\":\"https:\\\/\\\/www.nadiodelai.it\\\/nd2024\\\/wp-content\\\/uploads\\\/2022\\\/11\\\/ridistribuire-sovraccarico-generaizone-adulta.jpg\",\"contentUrl\":\"https:\\\/\\\/www.nadiodelai.it\\\/nd2024\\\/wp-content\\\/uploads\\\/2022\\\/11\\\/ridistribuire-sovraccarico-generaizone-adulta.jpg\",\"width\":250,\"height\":329,\"caption\":\"Redistribuire il \\\"sovraccarico\\\" della generazione adulta\\\/2005\"},{\"@type\":\"BreadcrumbList\",\"@id\":\"https:\\\/\\\/www.nadiodelai.it\\\/nd2024\\\/redistribuire-il-sovraccarico-della-generazione-adulta-2005\\\/#breadcrumb\",\"itemListElement\":[{\"@type\":\"ListItem\",\"position\":1,\"name\":\"Home\",\"item\":\"https:\\\/\\\/www.nadiodelai.it\\\/nd2024\\\/\"},{\"@type\":\"ListItem\",\"position\":2,\"name\":\"Redistribuire il &#8220;sovraccarico&#8221; della generazione adulta\\\/2005\"}]},{\"@type\":\"WebSite\",\"@id\":\"https:\\\/\\\/www.nadiodelai.it\\\/nd2024\\\/#website\",\"url\":\"https:\\\/\\\/www.nadiodelai.it\\\/nd2024\\\/\",\"name\":\"Nadio Delai\",\"description\":\"Pubblicazioni di economia\",\"publisher\":{\"@id\":\"https:\\\/\\\/www.nadiodelai.it\\\/nd2024\\\/#organization\"},\"potentialAction\":[{\"@type\":\"SearchAction\",\"target\":{\"@type\":\"EntryPoint\",\"urlTemplate\":\"https:\\\/\\\/www.nadiodelai.it\\\/nd2024\\\/?s={search_term_string}\"},\"query-input\":{\"@type\":\"PropertyValueSpecification\",\"valueRequired\":true,\"valueName\":\"search_term_string\"}}],\"inLanguage\":\"it-IT\"},{\"@type\":\"Organization\",\"@id\":\"https:\\\/\\\/www.nadiodelai.it\\\/nd2024\\\/#organization\",\"name\":\"Nadio Delai\",\"url\":\"https:\\\/\\\/www.nadiodelai.it\\\/nd2024\\\/\",\"logo\":{\"@type\":\"ImageObject\",\"inLanguage\":\"it-IT\",\"@id\":\"https:\\\/\\\/www.nadiodelai.it\\\/nd2024\\\/#\\\/schema\\\/logo\\\/image\\\/\",\"url\":\"https:\\\/\\\/www.nadiodelai.it\\\/nd2024\\\/wp-content\\\/uploads\\\/2022\\\/07\\\/logonadiodelai.jpg\",\"contentUrl\":\"https:\\\/\\\/www.nadiodelai.it\\\/nd2024\\\/wp-content\\\/uploads\\\/2022\\\/07\\\/logonadiodelai.jpg\",\"width\":283,\"height\":59,\"caption\":\"Nadio Delai\"},\"image\":{\"@id\":\"https:\\\/\\\/www.nadiodelai.it\\\/nd2024\\\/#\\\/schema\\\/logo\\\/image\\\/\"}},{\"@type\":\"Person\",\"@id\":\"https:\\\/\\\/www.nadiodelai.it\\\/nd2024\\\/#\\\/schema\\\/person\\\/01faa8efddc8a7a695d55a25702d0a31\",\"name\":\"mikinadiodelai\",\"image\":{\"@type\":\"ImageObject\",\"inLanguage\":\"it-IT\",\"@id\":\"https:\\\/\\\/secure.gravatar.com\\\/avatar\\\/6c91c98616ba911912872989bdffe1477f5a0b877fcf4d4fdf15dd16ef32064a?s=96&d=mm&r=g\",\"url\":\"https:\\\/\\\/secure.gravatar.com\\\/avatar\\\/6c91c98616ba911912872989bdffe1477f5a0b877fcf4d4fdf15dd16ef32064a?s=96&d=mm&r=g\",\"contentUrl\":\"https:\\\/\\\/secure.gravatar.com\\\/avatar\\\/6c91c98616ba911912872989bdffe1477f5a0b877fcf4d4fdf15dd16ef32064a?s=96&d=mm&r=g\",\"caption\":\"mikinadiodelai\"},\"sameAs\":[\"https:\\\/\\\/www.nadiodelai.it\\\/nd2024\"],\"url\":\"https:\\\/\\\/www.nadiodelai.it\\\/nd2024\\\/author\\\/mikinadiodelai\\\/\"}]}<\/script>\n<!-- \/ Yoast SEO plugin. -->","yoast_head_json":{"title":"Redistribuire il \"sovraccarico\" della generazione adulta\/2005 - Nadio Delai","description":"Il Rapporto Essere Anziano Oggi costituisce ormai un appuntamento annuale che offre l\u2019opportunit\u00e0 di riflettere sul tema dell\u2019invecchiamento della popolazione, ma in un\u2019ottica positiva e promozionale nei confronti della terza et\u00e0.","robots":{"index":"index","follow":"follow","max-snippet":"max-snippet:-1","max-image-preview":"max-image-preview:large","max-video-preview":"max-video-preview:-1"},"canonical":"https:\/\/www.nadiodelai.it\/nd2024\/redistribuire-il-sovraccarico-della-generazione-adulta-2005\/","og_locale":"it_IT","og_type":"article","og_title":"Redistribuire il \"sovraccarico\" della generazione adulta\/2005 - Nadio Delai","og_description":"Il Rapporto Essere Anziano Oggi costituisce ormai un appuntamento annuale che offre l\u2019opportunit\u00e0 di riflettere sul tema dell\u2019invecchiamento della popolazione, ma in un\u2019ottica positiva e promozionale nei confronti della terza et\u00e0.","og_url":"https:\/\/www.nadiodelai.it\/nd2024\/redistribuire-il-sovraccarico-della-generazione-adulta-2005\/","og_site_name":"Nadio Delai","article_published_time":"2022-11-03T12:34:23+00:00","article_modified_time":"2022-11-03T15:12:28+00:00","og_image":[{"width":250,"height":329,"url":"https:\/\/www.nadiodelai.it\/nd2024\/wp-content\/uploads\/2022\/11\/ridistribuire-sovraccarico-generaizone-adulta.jpg","type":"image\/jpeg"}],"author":"mikinadiodelai","twitter_card":"summary_large_image","twitter_misc":{"Scritto da":"mikinadiodelai","Tempo di lettura stimato":"2 minuti"},"schema":{"@context":"https:\/\/schema.org","@graph":[{"@type":"Article","@id":"https:\/\/www.nadiodelai.it\/nd2024\/redistribuire-il-sovraccarico-della-generazione-adulta-2005\/#article","isPartOf":{"@id":"https:\/\/www.nadiodelai.it\/nd2024\/redistribuire-il-sovraccarico-della-generazione-adulta-2005\/"},"author":{"name":"mikinadiodelai","@id":"https:\/\/www.nadiodelai.it\/nd2024\/#\/schema\/person\/01faa8efddc8a7a695d55a25702d0a31"},"headline":"Redistribuire il &#8220;sovraccarico&#8221; della generazione adulta\/2005","datePublished":"2022-11-03T12:34:23+00:00","dateModified":"2022-11-03T15:12:28+00:00","mainEntityOfPage":{"@id":"https:\/\/www.nadiodelai.it\/nd2024\/redistribuire-il-sovraccarico-della-generazione-adulta-2005\/"},"wordCount":330,"commentCount":0,"publisher":{"@id":"https:\/\/www.nadiodelai.it\/nd2024\/#organization"},"image":{"@id":"https:\/\/www.nadiodelai.it\/nd2024\/redistribuire-il-sovraccarico-della-generazione-adulta-2005\/#primaryimage"},"thumbnailUrl":"https:\/\/www.nadiodelai.it\/nd2024\/wp-content\/uploads\/2022\/11\/ridistribuire-sovraccarico-generaizone-adulta.jpg","keywords":["Redistribuire il \"sovraccarico\" della generazione adulta\/2005"],"articleSection":["Rapporti Monografici sugli Anziani Vitali"],"inLanguage":"it-IT","potentialAction":[{"@type":"CommentAction","name":"Comment","target":["https:\/\/www.nadiodelai.it\/nd2024\/redistribuire-il-sovraccarico-della-generazione-adulta-2005\/#respond"]}]},{"@type":"WebPage","@id":"https:\/\/www.nadiodelai.it\/nd2024\/redistribuire-il-sovraccarico-della-generazione-adulta-2005\/","url":"https:\/\/www.nadiodelai.it\/nd2024\/redistribuire-il-sovraccarico-della-generazione-adulta-2005\/","name":"Redistribuire il \"sovraccarico\" della generazione adulta\/2005 - Nadio Delai","isPartOf":{"@id":"https:\/\/www.nadiodelai.it\/nd2024\/#website"},"primaryImageOfPage":{"@id":"https:\/\/www.nadiodelai.it\/nd2024\/redistribuire-il-sovraccarico-della-generazione-adulta-2005\/#primaryimage"},"image":{"@id":"https:\/\/www.nadiodelai.it\/nd2024\/redistribuire-il-sovraccarico-della-generazione-adulta-2005\/#primaryimage"},"thumbnailUrl":"https:\/\/www.nadiodelai.it\/nd2024\/wp-content\/uploads\/2022\/11\/ridistribuire-sovraccarico-generaizone-adulta.jpg","datePublished":"2022-11-03T12:34:23+00:00","dateModified":"2022-11-03T15:12:28+00:00","description":"Il Rapporto Essere Anziano Oggi costituisce ormai un appuntamento annuale che offre l\u2019opportunit\u00e0 di riflettere sul tema dell\u2019invecchiamento della popolazione, ma in un\u2019ottica positiva e promozionale nei confronti della terza et\u00e0.","breadcrumb":{"@id":"https:\/\/www.nadiodelai.it\/nd2024\/redistribuire-il-sovraccarico-della-generazione-adulta-2005\/#breadcrumb"},"inLanguage":"it-IT","potentialAction":[{"@type":"ReadAction","target":["https:\/\/www.nadiodelai.it\/nd2024\/redistribuire-il-sovraccarico-della-generazione-adulta-2005\/"]}]},{"@type":"ImageObject","inLanguage":"it-IT","@id":"https:\/\/www.nadiodelai.it\/nd2024\/redistribuire-il-sovraccarico-della-generazione-adulta-2005\/#primaryimage","url":"https:\/\/www.nadiodelai.it\/nd2024\/wp-content\/uploads\/2022\/11\/ridistribuire-sovraccarico-generaizone-adulta.jpg","contentUrl":"https:\/\/www.nadiodelai.it\/nd2024\/wp-content\/uploads\/2022\/11\/ridistribuire-sovraccarico-generaizone-adulta.jpg","width":250,"height":329,"caption":"Redistribuire il \"sovraccarico\" della generazione adulta\/2005"},{"@type":"BreadcrumbList","@id":"https:\/\/www.nadiodelai.it\/nd2024\/redistribuire-il-sovraccarico-della-generazione-adulta-2005\/#breadcrumb","itemListElement":[{"@type":"ListItem","position":1,"name":"Home","item":"https:\/\/www.nadiodelai.it\/nd2024\/"},{"@type":"ListItem","position":2,"name":"Redistribuire il &#8220;sovraccarico&#8221; della generazione adulta\/2005"}]},{"@type":"WebSite","@id":"https:\/\/www.nadiodelai.it\/nd2024\/#website","url":"https:\/\/www.nadiodelai.it\/nd2024\/","name":"Nadio Delai","description":"Pubblicazioni di economia","publisher":{"@id":"https:\/\/www.nadiodelai.it\/nd2024\/#organization"},"potentialAction":[{"@type":"SearchAction","target":{"@type":"EntryPoint","urlTemplate":"https:\/\/www.nadiodelai.it\/nd2024\/?s={search_term_string}"},"query-input":{"@type":"PropertyValueSpecification","valueRequired":true,"valueName":"search_term_string"}}],"inLanguage":"it-IT"},{"@type":"Organization","@id":"https:\/\/www.nadiodelai.it\/nd2024\/#organization","name":"Nadio Delai","url":"https:\/\/www.nadiodelai.it\/nd2024\/","logo":{"@type":"ImageObject","inLanguage":"it-IT","@id":"https:\/\/www.nadiodelai.it\/nd2024\/#\/schema\/logo\/image\/","url":"https:\/\/www.nadiodelai.it\/nd2024\/wp-content\/uploads\/2022\/07\/logonadiodelai.jpg","contentUrl":"https:\/\/www.nadiodelai.it\/nd2024\/wp-content\/uploads\/2022\/07\/logonadiodelai.jpg","width":283,"height":59,"caption":"Nadio Delai"},"image":{"@id":"https:\/\/www.nadiodelai.it\/nd2024\/#\/schema\/logo\/image\/"}},{"@type":"Person","@id":"https:\/\/www.nadiodelai.it\/nd2024\/#\/schema\/person\/01faa8efddc8a7a695d55a25702d0a31","name":"mikinadiodelai","image":{"@type":"ImageObject","inLanguage":"it-IT","@id":"https:\/\/secure.gravatar.com\/avatar\/6c91c98616ba911912872989bdffe1477f5a0b877fcf4d4fdf15dd16ef32064a?s=96&d=mm&r=g","url":"https:\/\/secure.gravatar.com\/avatar\/6c91c98616ba911912872989bdffe1477f5a0b877fcf4d4fdf15dd16ef32064a?s=96&d=mm&r=g","contentUrl":"https:\/\/secure.gravatar.com\/avatar\/6c91c98616ba911912872989bdffe1477f5a0b877fcf4d4fdf15dd16ef32064a?s=96&d=mm&r=g","caption":"mikinadiodelai"},"sameAs":["https:\/\/www.nadiodelai.it\/nd2024"],"url":"https:\/\/www.nadiodelai.it\/nd2024\/author\/mikinadiodelai\/"}]}},"jetpack_sharing_enabled":true,"jetpack_featured_media_url":"https:\/\/www.nadiodelai.it\/nd2024\/wp-content\/uploads\/2022\/11\/ridistribuire-sovraccarico-generaizone-adulta.jpg","_links":{"self":[{"href":"https:\/\/www.nadiodelai.it\/nd2024\/wp-json\/wp\/v2\/posts\/1342","targetHints":{"allow":["GET"]}}],"collection":[{"href":"https:\/\/www.nadiodelai.it\/nd2024\/wp-json\/wp\/v2\/posts"}],"about":[{"href":"https:\/\/www.nadiodelai.it\/nd2024\/wp-json\/wp\/v2\/types\/post"}],"author":[{"embeddable":true,"href":"https:\/\/www.nadiodelai.it\/nd2024\/wp-json\/wp\/v2\/users\/1"}],"replies":[{"embeddable":true,"href":"https:\/\/www.nadiodelai.it\/nd2024\/wp-json\/wp\/v2\/comments?post=1342"}],"version-history":[{"count":0,"href":"https:\/\/www.nadiodelai.it\/nd2024\/wp-json\/wp\/v2\/posts\/1342\/revisions"}],"wp:featuredmedia":[{"embeddable":true,"href":"https:\/\/www.nadiodelai.it\/nd2024\/wp-json\/wp\/v2\/media\/1343"}],"wp:attachment":[{"href":"https:\/\/www.nadiodelai.it\/nd2024\/wp-json\/wp\/v2\/media?parent=1342"}],"wp:term":[{"taxonomy":"category","embeddable":true,"href":"https:\/\/www.nadiodelai.it\/nd2024\/wp-json\/wp\/v2\/categories?post=1342"},{"taxonomy":"post_tag","embeddable":true,"href":"https:\/\/www.nadiodelai.it\/nd2024\/wp-json\/wp\/v2\/tags?post=1342"}],"curies":[{"name":"wp","href":"https:\/\/api.w.org\/{rel}","templated":true}]}}