{"id":1348,"date":"2022-11-03T13:42:08","date_gmt":"2022-11-03T12:42:08","guid":{"rendered":"https:\/\/www.nadiodelai.it\/nd2024\/?p=1348"},"modified":"2022-11-03T13:42:08","modified_gmt":"2022-11-03T12:42:08","slug":"il-passaggio-dallio-al-noi-2007","status":"publish","type":"post","link":"https:\/\/www.nadiodelai.it\/nd2024\/il-passaggio-dallio-al-noi-2007\/","title":{"rendered":"Il passaggio dall&#8217;Io al Noi\/2007"},"content":{"rendered":"<p style=\"text-align: justify;\">\u00c8 questo il decimo Rapporto che 50&amp;Pi\u00f9 Fenacom dedica alla trasformazione del mondo degli anziani.<br \/>\nMolta strada \u00e8 stata compiuta dal momento in cui si \u00e8 voluto promuovere un cambio di paradigma nella cultura, della societ\u00e0 e delle istituzioni: passando cio\u00e8 da una visione di fragilit\u00e0, povert\u00e0, solitudine, non autonomia in cui gli anziani erano relegati ad una visione che sapesse invece recuperare la realt\u00e0 che a pieno titolo presenta ormai da tempo una maggioranza di persone vitali, autonome e desiderose di svolgere ancora una buona vita attiva per s\u00e9 e per gli altri.<br \/>\nOrmai il messaggio \u00e8 passato ed \u00e8 stato raccolto (fortunatamente) anche da molti altri protagonisti associativi ed istituzionali, anche se le decisioni e le attuazioni conseguenti sono ben lungi dall\u2019essere compiute o quanto meno soddisfacenti.<br \/>\nPer questo si \u00e8 ritenuto opportuno affrontare quest\u2019anno un nuovo cambio di paradigma, quello che richiede di passare da una soggettualit\u00e0 individuale ad una soggettualit\u00e0 relazionale.<br \/>\nSe l\u2019anziano \u00e8 riconosciuto come soggetto a pieno titolo forte e vitale, ci\u00f2 non significa che il percorso sia concluso: al contrario serve rafforzare la relazionalit\u00e0 che sostenga l\u2019individuo nei suoi momenti di debolezza come pure la relazionalit\u00e0 che sviluppi la capacit\u00e0 di rappresentare i propri interessi e di farli valere sul piano associativo da parte della categoria.<br \/>\n\u00c8 questa la ragione che ha portato ad effettuare due indagini di campo parallele, rispettivamente su un campione di anziani italiani e su un gruppo di testimoni privilegiati nell\u2019ambito della classe dirigente associativa di 50&amp;Pi\u00f9 Fenacom: per verificare la domanda di relazionalit\u00e0 che emerge tra le persone della terza et\u00e0 e per promuovere un\u2019offerta associativa che sappia accompagnare in maniera adeguata il passaggio ad una fase pi\u00f9 evoluta di un mondo anziano esigente e vitale.<\/p>\n","protected":false},"excerpt":{"rendered":"<p>\u00c8 questo il decimo Rapporto che 50&amp;Pi\u00f9 Fenacom dedica alla trasformazione del mondo degli anziani. Molta strada \u00e8 stata compiuta dal momento in cui si \u00e8 voluto promuovere un cambio di paradigma nella cultura, della societ\u00e0 e delle istituzioni: passando cio\u00e8 da una visione di fragilit\u00e0, povert\u00e0, solitudine, non autonomia in cui gli anziani erano [&hellip;]<\/p>\n","protected":false},"author":1,"featured_media":1349,"comment_status":"open","ping_status":"open","sticky":false,"template":"","format":"standard","meta":{"_acf_changed":false,"ngg_post_thumbnail":0,"_jetpack_newsletter_access":"","_jetpack_dont_email_post_to_subs":false,"_jetpack_newsletter_tier_id":0,"_jetpack_memberships_contains_paywalled_content":false,"_jetpack_feature_clip_id":0,"_jetpack_memberships_contains_paid_content":false,"footnotes":"","jetpack_post_was_ever_published":false},"categories":[10],"tags":[147],"class_list":["post-1348","post","type-post","status-publish","format-standard","has-post-thumbnail","hentry","category-rapporti-monografici-sugli-anziani-vitali","tag-il-passaggio-dallio-al-noi-2007"],"acf":[],"yoast_head":"<!-- This site is optimized with the Yoast SEO plugin v28.3 - https:\/\/yoast.com\/product\/yoast-seo-wordpress\/ -->\n<title>Il passaggio dall&#039;Io al Noi\/2007 - Nadio Delai<\/title>\n<meta name=\"description\" content=\"\u00c8 questo il decimo Rapporto che 50&amp;Pi\u00f9 Fenacom dedica alla trasformazione del mondo degli anziani. Ormai il messaggio \u00e8 passato ...\" \/>\n<meta name=\"robots\" content=\"index, follow, max-snippet:-1, max-image-preview:large, max-video-preview:-1\" \/>\n<link rel=\"canonical\" href=\"https:\/\/www.nadiodelai.it\/nd2024\/il-passaggio-dallio-al-noi-2007\/\" \/>\n<meta property=\"og:locale\" content=\"it_IT\" \/>\n<meta property=\"og:type\" content=\"article\" \/>\n<meta property=\"og:title\" content=\"Il passaggio dall&#039;Io al Noi\/2007 - Nadio Delai\" \/>\n<meta property=\"og:description\" content=\"\u00c8 questo il decimo Rapporto che 50&amp;Pi\u00f9 Fenacom dedica alla trasformazione del mondo degli anziani. Ormai il messaggio \u00e8 passato ...\" \/>\n<meta property=\"og:url\" content=\"https:\/\/www.nadiodelai.it\/nd2024\/il-passaggio-dallio-al-noi-2007\/\" \/>\n<meta property=\"og:site_name\" content=\"Nadio Delai\" \/>\n<meta property=\"article:published_time\" content=\"2022-11-03T12:42:08+00:00\" \/>\n<meta property=\"og:image\" content=\"https:\/\/www.nadiodelai.it\/nd2024\/wp-content\/uploads\/2022\/11\/il-passaggio-io-noi.jpg\" \/>\n\t<meta property=\"og:image:width\" content=\"250\" \/>\n\t<meta property=\"og:image:height\" content=\"336\" \/>\n\t<meta property=\"og:image:type\" content=\"image\/jpeg\" \/>\n<meta name=\"author\" content=\"mikinadiodelai\" \/>\n<meta name=\"twitter:card\" content=\"summary_large_image\" \/>\n<meta name=\"twitter:label1\" content=\"Scritto da\" \/>\n\t<meta name=\"twitter:data1\" content=\"mikinadiodelai\" \/>\n\t<meta name=\"twitter:label2\" content=\"Tempo di lettura stimato\" \/>\n\t<meta name=\"twitter:data2\" content=\"2 minuti\" \/>\n<script type=\"application\/ld+json\" class=\"yoast-schema-graph\">{\"@context\":\"https:\\\/\\\/schema.org\",\"@graph\":[{\"@type\":\"Article\",\"@id\":\"https:\\\/\\\/www.nadiodelai.it\\\/nd2024\\\/il-passaggio-dallio-al-noi-2007\\\/#article\",\"isPartOf\":{\"@id\":\"https:\\\/\\\/www.nadiodelai.it\\\/nd2024\\\/il-passaggio-dallio-al-noi-2007\\\/\"},\"author\":{\"name\":\"mikinadiodelai\",\"@id\":\"https:\\\/\\\/www.nadiodelai.it\\\/nd2024\\\/#\\\/schema\\\/person\\\/01faa8efddc8a7a695d55a25702d0a31\"},\"headline\":\"Il passaggio dall&#8217;Io al Noi\\\/2007\",\"datePublished\":\"2022-11-03T12:42:08+00:00\",\"mainEntityOfPage\":{\"@id\":\"https:\\\/\\\/www.nadiodelai.it\\\/nd2024\\\/il-passaggio-dallio-al-noi-2007\\\/\"},\"wordCount\":294,\"commentCount\":0,\"publisher\":{\"@id\":\"https:\\\/\\\/www.nadiodelai.it\\\/nd2024\\\/#organization\"},\"image\":{\"@id\":\"https:\\\/\\\/www.nadiodelai.it\\\/nd2024\\\/il-passaggio-dallio-al-noi-2007\\\/#primaryimage\"},\"thumbnailUrl\":\"https:\\\/\\\/www.nadiodelai.it\\\/nd2024\\\/wp-content\\\/uploads\\\/2022\\\/11\\\/il-passaggio-io-noi.jpg\",\"keywords\":[\"Il passaggio dall'Io al Noi\\\/2007\"],\"articleSection\":[\"Rapporti Monografici sugli Anziani Vitali\"],\"inLanguage\":\"it-IT\",\"potentialAction\":[{\"@type\":\"CommentAction\",\"name\":\"Comment\",\"target\":[\"https:\\\/\\\/www.nadiodelai.it\\\/nd2024\\\/il-passaggio-dallio-al-noi-2007\\\/#respond\"]}]},{\"@type\":\"WebPage\",\"@id\":\"https:\\\/\\\/www.nadiodelai.it\\\/nd2024\\\/il-passaggio-dallio-al-noi-2007\\\/\",\"url\":\"https:\\\/\\\/www.nadiodelai.it\\\/nd2024\\\/il-passaggio-dallio-al-noi-2007\\\/\",\"name\":\"Il passaggio dall'Io al Noi\\\/2007 - Nadio Delai\",\"isPartOf\":{\"@id\":\"https:\\\/\\\/www.nadiodelai.it\\\/nd2024\\\/#website\"},\"primaryImageOfPage\":{\"@id\":\"https:\\\/\\\/www.nadiodelai.it\\\/nd2024\\\/il-passaggio-dallio-al-noi-2007\\\/#primaryimage\"},\"image\":{\"@id\":\"https:\\\/\\\/www.nadiodelai.it\\\/nd2024\\\/il-passaggio-dallio-al-noi-2007\\\/#primaryimage\"},\"thumbnailUrl\":\"https:\\\/\\\/www.nadiodelai.it\\\/nd2024\\\/wp-content\\\/uploads\\\/2022\\\/11\\\/il-passaggio-io-noi.jpg\",\"datePublished\":\"2022-11-03T12:42:08+00:00\",\"description\":\"\u00c8 questo il decimo Rapporto che 50&Pi\u00f9 Fenacom dedica alla trasformazione del mondo degli anziani. Ormai il messaggio \u00e8 passato ...\",\"breadcrumb\":{\"@id\":\"https:\\\/\\\/www.nadiodelai.it\\\/nd2024\\\/il-passaggio-dallio-al-noi-2007\\\/#breadcrumb\"},\"inLanguage\":\"it-IT\",\"potentialAction\":[{\"@type\":\"ReadAction\",\"target\":[\"https:\\\/\\\/www.nadiodelai.it\\\/nd2024\\\/il-passaggio-dallio-al-noi-2007\\\/\"]}]},{\"@type\":\"ImageObject\",\"inLanguage\":\"it-IT\",\"@id\":\"https:\\\/\\\/www.nadiodelai.it\\\/nd2024\\\/il-passaggio-dallio-al-noi-2007\\\/#primaryimage\",\"url\":\"https:\\\/\\\/www.nadiodelai.it\\\/nd2024\\\/wp-content\\\/uploads\\\/2022\\\/11\\\/il-passaggio-io-noi.jpg\",\"contentUrl\":\"https:\\\/\\\/www.nadiodelai.it\\\/nd2024\\\/wp-content\\\/uploads\\\/2022\\\/11\\\/il-passaggio-io-noi.jpg\",\"width\":250,\"height\":336,\"caption\":\"Il passaggio dall'Io al Noi\"},{\"@type\":\"BreadcrumbList\",\"@id\":\"https:\\\/\\\/www.nadiodelai.it\\\/nd2024\\\/il-passaggio-dallio-al-noi-2007\\\/#breadcrumb\",\"itemListElement\":[{\"@type\":\"ListItem\",\"position\":1,\"name\":\"Home\",\"item\":\"https:\\\/\\\/www.nadiodelai.it\\\/nd2024\\\/\"},{\"@type\":\"ListItem\",\"position\":2,\"name\":\"Il passaggio dall&#8217;Io al Noi\\\/2007\"}]},{\"@type\":\"WebSite\",\"@id\":\"https:\\\/\\\/www.nadiodelai.it\\\/nd2024\\\/#website\",\"url\":\"https:\\\/\\\/www.nadiodelai.it\\\/nd2024\\\/\",\"name\":\"Nadio Delai\",\"description\":\"Pubblicazioni di economia\",\"publisher\":{\"@id\":\"https:\\\/\\\/www.nadiodelai.it\\\/nd2024\\\/#organization\"},\"potentialAction\":[{\"@type\":\"SearchAction\",\"target\":{\"@type\":\"EntryPoint\",\"urlTemplate\":\"https:\\\/\\\/www.nadiodelai.it\\\/nd2024\\\/?s={search_term_string}\"},\"query-input\":{\"@type\":\"PropertyValueSpecification\",\"valueRequired\":true,\"valueName\":\"search_term_string\"}}],\"inLanguage\":\"it-IT\"},{\"@type\":\"Organization\",\"@id\":\"https:\\\/\\\/www.nadiodelai.it\\\/nd2024\\\/#organization\",\"name\":\"Nadio Delai\",\"url\":\"https:\\\/\\\/www.nadiodelai.it\\\/nd2024\\\/\",\"logo\":{\"@type\":\"ImageObject\",\"inLanguage\":\"it-IT\",\"@id\":\"https:\\\/\\\/www.nadiodelai.it\\\/nd2024\\\/#\\\/schema\\\/logo\\\/image\\\/\",\"url\":\"https:\\\/\\\/www.nadiodelai.it\\\/nd2024\\\/wp-content\\\/uploads\\\/2022\\\/07\\\/logonadiodelai.jpg\",\"contentUrl\":\"https:\\\/\\\/www.nadiodelai.it\\\/nd2024\\\/wp-content\\\/uploads\\\/2022\\\/07\\\/logonadiodelai.jpg\",\"width\":283,\"height\":59,\"caption\":\"Nadio Delai\"},\"image\":{\"@id\":\"https:\\\/\\\/www.nadiodelai.it\\\/nd2024\\\/#\\\/schema\\\/logo\\\/image\\\/\"}},{\"@type\":\"Person\",\"@id\":\"https:\\\/\\\/www.nadiodelai.it\\\/nd2024\\\/#\\\/schema\\\/person\\\/01faa8efddc8a7a695d55a25702d0a31\",\"name\":\"mikinadiodelai\",\"image\":{\"@type\":\"ImageObject\",\"inLanguage\":\"it-IT\",\"@id\":\"https:\\\/\\\/secure.gravatar.com\\\/avatar\\\/6c91c98616ba911912872989bdffe1477f5a0b877fcf4d4fdf15dd16ef32064a?s=96&d=mm&r=g\",\"url\":\"https:\\\/\\\/secure.gravatar.com\\\/avatar\\\/6c91c98616ba911912872989bdffe1477f5a0b877fcf4d4fdf15dd16ef32064a?s=96&d=mm&r=g\",\"contentUrl\":\"https:\\\/\\\/secure.gravatar.com\\\/avatar\\\/6c91c98616ba911912872989bdffe1477f5a0b877fcf4d4fdf15dd16ef32064a?s=96&d=mm&r=g\",\"caption\":\"mikinadiodelai\"},\"sameAs\":[\"https:\\\/\\\/www.nadiodelai.it\\\/nd2024\"],\"url\":\"https:\\\/\\\/www.nadiodelai.it\\\/nd2024\\\/author\\\/mikinadiodelai\\\/\"}]}<\/script>\n<!-- \/ Yoast SEO plugin. -->","yoast_head_json":{"title":"Il passaggio dall'Io al Noi\/2007 - Nadio Delai","description":"\u00c8 questo il decimo Rapporto che 50&Pi\u00f9 Fenacom dedica alla trasformazione del mondo degli anziani. Ormai il messaggio \u00e8 passato ...","robots":{"index":"index","follow":"follow","max-snippet":"max-snippet:-1","max-image-preview":"max-image-preview:large","max-video-preview":"max-video-preview:-1"},"canonical":"https:\/\/www.nadiodelai.it\/nd2024\/il-passaggio-dallio-al-noi-2007\/","og_locale":"it_IT","og_type":"article","og_title":"Il passaggio dall'Io al Noi\/2007 - Nadio Delai","og_description":"\u00c8 questo il decimo Rapporto che 50&Pi\u00f9 Fenacom dedica alla trasformazione del mondo degli anziani. Ormai il messaggio \u00e8 passato ...","og_url":"https:\/\/www.nadiodelai.it\/nd2024\/il-passaggio-dallio-al-noi-2007\/","og_site_name":"Nadio Delai","article_published_time":"2022-11-03T12:42:08+00:00","og_image":[{"width":250,"height":336,"url":"https:\/\/www.nadiodelai.it\/nd2024\/wp-content\/uploads\/2022\/11\/il-passaggio-io-noi.jpg","type":"image\/jpeg"}],"author":"mikinadiodelai","twitter_card":"summary_large_image","twitter_misc":{"Scritto da":"mikinadiodelai","Tempo di lettura stimato":"2 minuti"},"schema":{"@context":"https:\/\/schema.org","@graph":[{"@type":"Article","@id":"https:\/\/www.nadiodelai.it\/nd2024\/il-passaggio-dallio-al-noi-2007\/#article","isPartOf":{"@id":"https:\/\/www.nadiodelai.it\/nd2024\/il-passaggio-dallio-al-noi-2007\/"},"author":{"name":"mikinadiodelai","@id":"https:\/\/www.nadiodelai.it\/nd2024\/#\/schema\/person\/01faa8efddc8a7a695d55a25702d0a31"},"headline":"Il passaggio dall&#8217;Io al Noi\/2007","datePublished":"2022-11-03T12:42:08+00:00","mainEntityOfPage":{"@id":"https:\/\/www.nadiodelai.it\/nd2024\/il-passaggio-dallio-al-noi-2007\/"},"wordCount":294,"commentCount":0,"publisher":{"@id":"https:\/\/www.nadiodelai.it\/nd2024\/#organization"},"image":{"@id":"https:\/\/www.nadiodelai.it\/nd2024\/il-passaggio-dallio-al-noi-2007\/#primaryimage"},"thumbnailUrl":"https:\/\/www.nadiodelai.it\/nd2024\/wp-content\/uploads\/2022\/11\/il-passaggio-io-noi.jpg","keywords":["Il passaggio dall'Io al Noi\/2007"],"articleSection":["Rapporti Monografici sugli Anziani Vitali"],"inLanguage":"it-IT","potentialAction":[{"@type":"CommentAction","name":"Comment","target":["https:\/\/www.nadiodelai.it\/nd2024\/il-passaggio-dallio-al-noi-2007\/#respond"]}]},{"@type":"WebPage","@id":"https:\/\/www.nadiodelai.it\/nd2024\/il-passaggio-dallio-al-noi-2007\/","url":"https:\/\/www.nadiodelai.it\/nd2024\/il-passaggio-dallio-al-noi-2007\/","name":"Il passaggio dall'Io al Noi\/2007 - Nadio Delai","isPartOf":{"@id":"https:\/\/www.nadiodelai.it\/nd2024\/#website"},"primaryImageOfPage":{"@id":"https:\/\/www.nadiodelai.it\/nd2024\/il-passaggio-dallio-al-noi-2007\/#primaryimage"},"image":{"@id":"https:\/\/www.nadiodelai.it\/nd2024\/il-passaggio-dallio-al-noi-2007\/#primaryimage"},"thumbnailUrl":"https:\/\/www.nadiodelai.it\/nd2024\/wp-content\/uploads\/2022\/11\/il-passaggio-io-noi.jpg","datePublished":"2022-11-03T12:42:08+00:00","description":"\u00c8 questo il decimo Rapporto che 50&Pi\u00f9 Fenacom dedica alla trasformazione del mondo degli anziani. Ormai il messaggio \u00e8 passato ...","breadcrumb":{"@id":"https:\/\/www.nadiodelai.it\/nd2024\/il-passaggio-dallio-al-noi-2007\/#breadcrumb"},"inLanguage":"it-IT","potentialAction":[{"@type":"ReadAction","target":["https:\/\/www.nadiodelai.it\/nd2024\/il-passaggio-dallio-al-noi-2007\/"]}]},{"@type":"ImageObject","inLanguage":"it-IT","@id":"https:\/\/www.nadiodelai.it\/nd2024\/il-passaggio-dallio-al-noi-2007\/#primaryimage","url":"https:\/\/www.nadiodelai.it\/nd2024\/wp-content\/uploads\/2022\/11\/il-passaggio-io-noi.jpg","contentUrl":"https:\/\/www.nadiodelai.it\/nd2024\/wp-content\/uploads\/2022\/11\/il-passaggio-io-noi.jpg","width":250,"height":336,"caption":"Il passaggio dall'Io al Noi"},{"@type":"BreadcrumbList","@id":"https:\/\/www.nadiodelai.it\/nd2024\/il-passaggio-dallio-al-noi-2007\/#breadcrumb","itemListElement":[{"@type":"ListItem","position":1,"name":"Home","item":"https:\/\/www.nadiodelai.it\/nd2024\/"},{"@type":"ListItem","position":2,"name":"Il passaggio dall&#8217;Io al Noi\/2007"}]},{"@type":"WebSite","@id":"https:\/\/www.nadiodelai.it\/nd2024\/#website","url":"https:\/\/www.nadiodelai.it\/nd2024\/","name":"Nadio Delai","description":"Pubblicazioni di economia","publisher":{"@id":"https:\/\/www.nadiodelai.it\/nd2024\/#organization"},"potentialAction":[{"@type":"SearchAction","target":{"@type":"EntryPoint","urlTemplate":"https:\/\/www.nadiodelai.it\/nd2024\/?s={search_term_string}"},"query-input":{"@type":"PropertyValueSpecification","valueRequired":true,"valueName":"search_term_string"}}],"inLanguage":"it-IT"},{"@type":"Organization","@id":"https:\/\/www.nadiodelai.it\/nd2024\/#organization","name":"Nadio Delai","url":"https:\/\/www.nadiodelai.it\/nd2024\/","logo":{"@type":"ImageObject","inLanguage":"it-IT","@id":"https:\/\/www.nadiodelai.it\/nd2024\/#\/schema\/logo\/image\/","url":"https:\/\/www.nadiodelai.it\/nd2024\/wp-content\/uploads\/2022\/07\/logonadiodelai.jpg","contentUrl":"https:\/\/www.nadiodelai.it\/nd2024\/wp-content\/uploads\/2022\/07\/logonadiodelai.jpg","width":283,"height":59,"caption":"Nadio Delai"},"image":{"@id":"https:\/\/www.nadiodelai.it\/nd2024\/#\/schema\/logo\/image\/"}},{"@type":"Person","@id":"https:\/\/www.nadiodelai.it\/nd2024\/#\/schema\/person\/01faa8efddc8a7a695d55a25702d0a31","name":"mikinadiodelai","image":{"@type":"ImageObject","inLanguage":"it-IT","@id":"https:\/\/secure.gravatar.com\/avatar\/6c91c98616ba911912872989bdffe1477f5a0b877fcf4d4fdf15dd16ef32064a?s=96&d=mm&r=g","url":"https:\/\/secure.gravatar.com\/avatar\/6c91c98616ba911912872989bdffe1477f5a0b877fcf4d4fdf15dd16ef32064a?s=96&d=mm&r=g","contentUrl":"https:\/\/secure.gravatar.com\/avatar\/6c91c98616ba911912872989bdffe1477f5a0b877fcf4d4fdf15dd16ef32064a?s=96&d=mm&r=g","caption":"mikinadiodelai"},"sameAs":["https:\/\/www.nadiodelai.it\/nd2024"],"url":"https:\/\/www.nadiodelai.it\/nd2024\/author\/mikinadiodelai\/"}]}},"jetpack_sharing_enabled":true,"jetpack_featured_media_url":"https:\/\/www.nadiodelai.it\/nd2024\/wp-content\/uploads\/2022\/11\/il-passaggio-io-noi.jpg","_links":{"self":[{"href":"https:\/\/www.nadiodelai.it\/nd2024\/wp-json\/wp\/v2\/posts\/1348","targetHints":{"allow":["GET"]}}],"collection":[{"href":"https:\/\/www.nadiodelai.it\/nd2024\/wp-json\/wp\/v2\/posts"}],"about":[{"href":"https:\/\/www.nadiodelai.it\/nd2024\/wp-json\/wp\/v2\/types\/post"}],"author":[{"embeddable":true,"href":"https:\/\/www.nadiodelai.it\/nd2024\/wp-json\/wp\/v2\/users\/1"}],"replies":[{"embeddable":true,"href":"https:\/\/www.nadiodelai.it\/nd2024\/wp-json\/wp\/v2\/comments?post=1348"}],"version-history":[{"count":0,"href":"https:\/\/www.nadiodelai.it\/nd2024\/wp-json\/wp\/v2\/posts\/1348\/revisions"}],"wp:featuredmedia":[{"embeddable":true,"href":"https:\/\/www.nadiodelai.it\/nd2024\/wp-json\/wp\/v2\/media\/1349"}],"wp:attachment":[{"href":"https:\/\/www.nadiodelai.it\/nd2024\/wp-json\/wp\/v2\/media?parent=1348"}],"wp:term":[{"taxonomy":"category","embeddable":true,"href":"https:\/\/www.nadiodelai.it\/nd2024\/wp-json\/wp\/v2\/categories?post=1348"},{"taxonomy":"post_tag","embeddable":true,"href":"https:\/\/www.nadiodelai.it\/nd2024\/wp-json\/wp\/v2\/tags?post=1348"}],"curies":[{"name":"wp","href":"https:\/\/api.w.org\/{rel}","templated":true}]}}