{"id":1351,"date":"2022-11-03T13:46:11","date_gmt":"2022-11-03T12:46:11","guid":{"rendered":"https:\/\/www.nadiodelai.it\/nd2024\/?p=1351"},"modified":"2022-11-03T13:46:11","modified_gmt":"2022-11-03T12:46:11","slug":"responsabilita-intergenerazionale-e-diritti-di-cittadinanza-2002","status":"publish","type":"post","link":"https:\/\/www.nadiodelai.it\/nd2024\/responsabilita-intergenerazionale-e-diritti-di-cittadinanza-2002\/","title":{"rendered":"Responsabilit\u00e0 intergenerazionale e diritti di cittadinanza\/2002"},"content":{"rendered":"<p style=\"text-align: justify;\">Persone anziane o persone mature? La questione non \u00e8 puramente linguistica, perch\u00e9 costituisce un segnale di identit\u00e0 e di assunzione di responsabilit\u00e0 da parte dei soggetti oltre l\u2019et\u00e0 della pensione.<br \/>\nRiportare a visibilit\u00e0 sociale la componente vitale del mondo anziano, facendola uscire dall\u2019area indistinta in cui le persone di una certa et\u00e0 venivano tradizionalmente collocate \u00e8 stato un impegno costante del Rapporto Annuale \u201cEssere Anziano Oggi\u201d che ha raggiunto ormai la sua quinta edizione.<br \/>\nQuesta volta si \u00e8 voluto mettere a confronto quattro generazioni parallele attraverso quattro distinti campioni (giovani, giovani-adulti, adulti ed anziani) sui temi-chiave della maturit\u00e0 e cio\u00e8 la percezione dell\u2019identit\u00e0 e del ruolo sociale della terza et\u00e0, le funzioni crescenti che la componente vitale di essa esercita e la necessit\u00e0 di \u201cbilanciare\u201d le relative politiche. Servono infatti una politica specifica, di tipo promozionale verso gli anziani vitali e una, altrettanto specifica, di tipo assistenziale per gli anziani deboli.<br \/>\nI risultati dell\u2019indagine mostrano un\u2019elevata convergenza di opinione degli intervistati sull\u2019evoluzione dell\u2019anziano verso una figura pi\u00f9 ricca e articolata rispetto al passato. Ma evidenziano anche la necessit\u00e0 di rompere la \u201cfissit\u00e0\u201d dello schema dei rapporti che legano le generazioni tra loro, andando al di l\u00e0 dell\u2019unico tema che di solito si affronta (\u201cchi pagher\u00e0 le pensioni?\u201d), per investire invece il lavoro, il reddito, il sostegno psicologico, lo scambio emotivo e valoriale.<br \/>\nAbbiamo un vestito normativo, ma anche culturale, ormai invecchiato per capire come sia profondamente cambiato un corpo sociale e non solo una componente di esso.<br \/>\nPresidiare le trasformazioni di uno dei soggetti in gioco (le persone mature) pu\u00f2 innescare un processo di revisione pi\u00f9 ampio e contribuire a disegnare rapporti pi\u00f9 equilibrati e soddisfacenti per le singole generazioni.<\/p>\n","protected":false},"excerpt":{"rendered":"<p>Persone anziane o persone mature? La questione non \u00e8 puramente linguistica, perch\u00e9 costituisce un segnale di identit\u00e0 e di assunzione di responsabilit\u00e0 da parte dei soggetti oltre l\u2019et\u00e0 della pensione. Riportare a visibilit\u00e0 sociale la componente vitale del mondo anziano, facendola uscire dall\u2019area indistinta in cui le persone di una certa et\u00e0 venivano tradizionalmente collocate [&hellip;]<\/p>\n","protected":false},"author":1,"featured_media":1352,"comment_status":"open","ping_status":"open","sticky":false,"template":"","format":"standard","meta":{"_acf_changed":false,"ngg_post_thumbnail":0,"_jetpack_newsletter_access":"","_jetpack_dont_email_post_to_subs":false,"_jetpack_newsletter_tier_id":0,"_jetpack_memberships_contains_paywalled_content":false,"_jetpack_feature_clip_id":0,"_jetpack_memberships_contains_paid_content":false,"footnotes":"","jetpack_post_was_ever_published":false},"categories":[10],"tags":[148],"class_list":["post-1351","post","type-post","status-publish","format-standard","has-post-thumbnail","hentry","category-rapporti-monografici-sugli-anziani-vitali","tag-responsabilita-intergenerazionale-e-diritti-di-cittadinanza-2002"],"acf":[],"yoast_head":"<!-- This site is optimized with the Yoast SEO plugin v28.3 - https:\/\/yoast.com\/product\/yoast-seo-wordpress\/ -->\n<title>Responsabilit\u00e0 intergenerazionale e diritti di cittadinanza\/2002 - Nadio Delai<\/title>\n<meta name=\"description\" content=\"Persone anziane o persone mature? La questione non \u00e8 puramente linguistica, perch\u00e9 costituisce un segnale di identit\u00e0 e di assunzione ...\" \/>\n<meta name=\"robots\" content=\"index, follow, max-snippet:-1, max-image-preview:large, max-video-preview:-1\" \/>\n<link rel=\"canonical\" href=\"https:\/\/www.nadiodelai.it\/nd2024\/responsabilita-intergenerazionale-e-diritti-di-cittadinanza-2002\/\" \/>\n<meta property=\"og:locale\" content=\"it_IT\" \/>\n<meta property=\"og:type\" content=\"article\" \/>\n<meta property=\"og:title\" content=\"Responsabilit\u00e0 intergenerazionale e diritti di cittadinanza\/2002 - Nadio Delai\" \/>\n<meta property=\"og:description\" content=\"Persone anziane o persone mature? La questione non \u00e8 puramente linguistica, perch\u00e9 costituisce un segnale di identit\u00e0 e di assunzione ...\" \/>\n<meta property=\"og:url\" content=\"https:\/\/www.nadiodelai.it\/nd2024\/responsabilita-intergenerazionale-e-diritti-di-cittadinanza-2002\/\" \/>\n<meta property=\"og:site_name\" content=\"Nadio Delai\" \/>\n<meta property=\"article:published_time\" content=\"2022-11-03T12:46:11+00:00\" \/>\n<meta property=\"og:image\" content=\"https:\/\/www.nadiodelai.it\/nd2024\/wp-content\/uploads\/2022\/11\/Responsabilita-intergenerazionale-diritti-di-cittadinanza-2002.jpg\" \/>\n\t<meta property=\"og:image:width\" content=\"250\" \/>\n\t<meta property=\"og:image:height\" content=\"292\" \/>\n\t<meta property=\"og:image:type\" content=\"image\/jpeg\" \/>\n<meta name=\"author\" content=\"mikinadiodelai\" \/>\n<meta name=\"twitter:card\" content=\"summary_large_image\" \/>\n<meta name=\"twitter:label1\" content=\"Scritto da\" \/>\n\t<meta name=\"twitter:data1\" content=\"mikinadiodelai\" \/>\n\t<meta name=\"twitter:label2\" content=\"Tempo di lettura stimato\" \/>\n\t<meta name=\"twitter:data2\" content=\"2 minuti\" \/>\n<script type=\"application\/ld+json\" class=\"yoast-schema-graph\">{\"@context\":\"https:\\\/\\\/schema.org\",\"@graph\":[{\"@type\":\"Article\",\"@id\":\"https:\\\/\\\/www.nadiodelai.it\\\/nd2024\\\/responsabilita-intergenerazionale-e-diritti-di-cittadinanza-2002\\\/#article\",\"isPartOf\":{\"@id\":\"https:\\\/\\\/www.nadiodelai.it\\\/nd2024\\\/responsabilita-intergenerazionale-e-diritti-di-cittadinanza-2002\\\/\"},\"author\":{\"name\":\"mikinadiodelai\",\"@id\":\"https:\\\/\\\/www.nadiodelai.it\\\/nd2024\\\/#\\\/schema\\\/person\\\/01faa8efddc8a7a695d55a25702d0a31\"},\"headline\":\"Responsabilit\u00e0 intergenerazionale e diritti di cittadinanza\\\/2002\",\"datePublished\":\"2022-11-03T12:46:11+00:00\",\"mainEntityOfPage\":{\"@id\":\"https:\\\/\\\/www.nadiodelai.it\\\/nd2024\\\/responsabilita-intergenerazionale-e-diritti-di-cittadinanza-2002\\\/\"},\"wordCount\":291,\"commentCount\":0,\"publisher\":{\"@id\":\"https:\\\/\\\/www.nadiodelai.it\\\/nd2024\\\/#organization\"},\"image\":{\"@id\":\"https:\\\/\\\/www.nadiodelai.it\\\/nd2024\\\/responsabilita-intergenerazionale-e-diritti-di-cittadinanza-2002\\\/#primaryimage\"},\"thumbnailUrl\":\"https:\\\/\\\/www.nadiodelai.it\\\/nd2024\\\/wp-content\\\/uploads\\\/2022\\\/11\\\/Responsabilita-intergenerazionale-diritti-di-cittadinanza-2002.jpg\",\"keywords\":[\"Responsabilit\u00e0 intergenerazionale e diritti di cittadinanza\\\/2002\"],\"articleSection\":[\"Rapporti Monografici sugli Anziani Vitali\"],\"inLanguage\":\"it-IT\",\"potentialAction\":[{\"@type\":\"CommentAction\",\"name\":\"Comment\",\"target\":[\"https:\\\/\\\/www.nadiodelai.it\\\/nd2024\\\/responsabilita-intergenerazionale-e-diritti-di-cittadinanza-2002\\\/#respond\"]}]},{\"@type\":\"WebPage\",\"@id\":\"https:\\\/\\\/www.nadiodelai.it\\\/nd2024\\\/responsabilita-intergenerazionale-e-diritti-di-cittadinanza-2002\\\/\",\"url\":\"https:\\\/\\\/www.nadiodelai.it\\\/nd2024\\\/responsabilita-intergenerazionale-e-diritti-di-cittadinanza-2002\\\/\",\"name\":\"Responsabilit\u00e0 intergenerazionale e diritti di cittadinanza\\\/2002 - Nadio Delai\",\"isPartOf\":{\"@id\":\"https:\\\/\\\/www.nadiodelai.it\\\/nd2024\\\/#website\"},\"primaryImageOfPage\":{\"@id\":\"https:\\\/\\\/www.nadiodelai.it\\\/nd2024\\\/responsabilita-intergenerazionale-e-diritti-di-cittadinanza-2002\\\/#primaryimage\"},\"image\":{\"@id\":\"https:\\\/\\\/www.nadiodelai.it\\\/nd2024\\\/responsabilita-intergenerazionale-e-diritti-di-cittadinanza-2002\\\/#primaryimage\"},\"thumbnailUrl\":\"https:\\\/\\\/www.nadiodelai.it\\\/nd2024\\\/wp-content\\\/uploads\\\/2022\\\/11\\\/Responsabilita-intergenerazionale-diritti-di-cittadinanza-2002.jpg\",\"datePublished\":\"2022-11-03T12:46:11+00:00\",\"description\":\"Persone anziane o persone mature? La questione non \u00e8 puramente linguistica, perch\u00e9 costituisce un segnale di identit\u00e0 e di assunzione ...\",\"breadcrumb\":{\"@id\":\"https:\\\/\\\/www.nadiodelai.it\\\/nd2024\\\/responsabilita-intergenerazionale-e-diritti-di-cittadinanza-2002\\\/#breadcrumb\"},\"inLanguage\":\"it-IT\",\"potentialAction\":[{\"@type\":\"ReadAction\",\"target\":[\"https:\\\/\\\/www.nadiodelai.it\\\/nd2024\\\/responsabilita-intergenerazionale-e-diritti-di-cittadinanza-2002\\\/\"]}]},{\"@type\":\"ImageObject\",\"inLanguage\":\"it-IT\",\"@id\":\"https:\\\/\\\/www.nadiodelai.it\\\/nd2024\\\/responsabilita-intergenerazionale-e-diritti-di-cittadinanza-2002\\\/#primaryimage\",\"url\":\"https:\\\/\\\/www.nadiodelai.it\\\/nd2024\\\/wp-content\\\/uploads\\\/2022\\\/11\\\/Responsabilita-intergenerazionale-diritti-di-cittadinanza-2002.jpg\",\"contentUrl\":\"https:\\\/\\\/www.nadiodelai.it\\\/nd2024\\\/wp-content\\\/uploads\\\/2022\\\/11\\\/Responsabilita-intergenerazionale-diritti-di-cittadinanza-2002.jpg\",\"width\":250,\"height\":292,\"caption\":\"Responsabilit\u00e0 intergenerazionale e diritti di cittadinanza\\\/2002\"},{\"@type\":\"BreadcrumbList\",\"@id\":\"https:\\\/\\\/www.nadiodelai.it\\\/nd2024\\\/responsabilita-intergenerazionale-e-diritti-di-cittadinanza-2002\\\/#breadcrumb\",\"itemListElement\":[{\"@type\":\"ListItem\",\"position\":1,\"name\":\"Home\",\"item\":\"https:\\\/\\\/www.nadiodelai.it\\\/nd2024\\\/\"},{\"@type\":\"ListItem\",\"position\":2,\"name\":\"Responsabilit\u00e0 intergenerazionale e diritti di cittadinanza\\\/2002\"}]},{\"@type\":\"WebSite\",\"@id\":\"https:\\\/\\\/www.nadiodelai.it\\\/nd2024\\\/#website\",\"url\":\"https:\\\/\\\/www.nadiodelai.it\\\/nd2024\\\/\",\"name\":\"Nadio Delai\",\"description\":\"Pubblicazioni di economia\",\"publisher\":{\"@id\":\"https:\\\/\\\/www.nadiodelai.it\\\/nd2024\\\/#organization\"},\"potentialAction\":[{\"@type\":\"SearchAction\",\"target\":{\"@type\":\"EntryPoint\",\"urlTemplate\":\"https:\\\/\\\/www.nadiodelai.it\\\/nd2024\\\/?s={search_term_string}\"},\"query-input\":{\"@type\":\"PropertyValueSpecification\",\"valueRequired\":true,\"valueName\":\"search_term_string\"}}],\"inLanguage\":\"it-IT\"},{\"@type\":\"Organization\",\"@id\":\"https:\\\/\\\/www.nadiodelai.it\\\/nd2024\\\/#organization\",\"name\":\"Nadio Delai\",\"url\":\"https:\\\/\\\/www.nadiodelai.it\\\/nd2024\\\/\",\"logo\":{\"@type\":\"ImageObject\",\"inLanguage\":\"it-IT\",\"@id\":\"https:\\\/\\\/www.nadiodelai.it\\\/nd2024\\\/#\\\/schema\\\/logo\\\/image\\\/\",\"url\":\"https:\\\/\\\/www.nadiodelai.it\\\/nd2024\\\/wp-content\\\/uploads\\\/2022\\\/07\\\/logonadiodelai.jpg\",\"contentUrl\":\"https:\\\/\\\/www.nadiodelai.it\\\/nd2024\\\/wp-content\\\/uploads\\\/2022\\\/07\\\/logonadiodelai.jpg\",\"width\":283,\"height\":59,\"caption\":\"Nadio Delai\"},\"image\":{\"@id\":\"https:\\\/\\\/www.nadiodelai.it\\\/nd2024\\\/#\\\/schema\\\/logo\\\/image\\\/\"}},{\"@type\":\"Person\",\"@id\":\"https:\\\/\\\/www.nadiodelai.it\\\/nd2024\\\/#\\\/schema\\\/person\\\/01faa8efddc8a7a695d55a25702d0a31\",\"name\":\"mikinadiodelai\",\"image\":{\"@type\":\"ImageObject\",\"inLanguage\":\"it-IT\",\"@id\":\"https:\\\/\\\/secure.gravatar.com\\\/avatar\\\/6c91c98616ba911912872989bdffe1477f5a0b877fcf4d4fdf15dd16ef32064a?s=96&d=mm&r=g\",\"url\":\"https:\\\/\\\/secure.gravatar.com\\\/avatar\\\/6c91c98616ba911912872989bdffe1477f5a0b877fcf4d4fdf15dd16ef32064a?s=96&d=mm&r=g\",\"contentUrl\":\"https:\\\/\\\/secure.gravatar.com\\\/avatar\\\/6c91c98616ba911912872989bdffe1477f5a0b877fcf4d4fdf15dd16ef32064a?s=96&d=mm&r=g\",\"caption\":\"mikinadiodelai\"},\"sameAs\":[\"https:\\\/\\\/www.nadiodelai.it\\\/nd2024\"],\"url\":\"https:\\\/\\\/www.nadiodelai.it\\\/nd2024\\\/author\\\/mikinadiodelai\\\/\"}]}<\/script>\n<!-- \/ Yoast SEO plugin. -->","yoast_head_json":{"title":"Responsabilit\u00e0 intergenerazionale e diritti di cittadinanza\/2002 - Nadio Delai","description":"Persone anziane o persone mature? La questione non \u00e8 puramente linguistica, perch\u00e9 costituisce un segnale di identit\u00e0 e di assunzione ...","robots":{"index":"index","follow":"follow","max-snippet":"max-snippet:-1","max-image-preview":"max-image-preview:large","max-video-preview":"max-video-preview:-1"},"canonical":"https:\/\/www.nadiodelai.it\/nd2024\/responsabilita-intergenerazionale-e-diritti-di-cittadinanza-2002\/","og_locale":"it_IT","og_type":"article","og_title":"Responsabilit\u00e0 intergenerazionale e diritti di cittadinanza\/2002 - Nadio Delai","og_description":"Persone anziane o persone mature? La questione non \u00e8 puramente linguistica, perch\u00e9 costituisce un segnale di identit\u00e0 e di assunzione ...","og_url":"https:\/\/www.nadiodelai.it\/nd2024\/responsabilita-intergenerazionale-e-diritti-di-cittadinanza-2002\/","og_site_name":"Nadio Delai","article_published_time":"2022-11-03T12:46:11+00:00","og_image":[{"width":250,"height":292,"url":"https:\/\/www.nadiodelai.it\/nd2024\/wp-content\/uploads\/2022\/11\/Responsabilita-intergenerazionale-diritti-di-cittadinanza-2002.jpg","type":"image\/jpeg"}],"author":"mikinadiodelai","twitter_card":"summary_large_image","twitter_misc":{"Scritto da":"mikinadiodelai","Tempo di lettura stimato":"2 minuti"},"schema":{"@context":"https:\/\/schema.org","@graph":[{"@type":"Article","@id":"https:\/\/www.nadiodelai.it\/nd2024\/responsabilita-intergenerazionale-e-diritti-di-cittadinanza-2002\/#article","isPartOf":{"@id":"https:\/\/www.nadiodelai.it\/nd2024\/responsabilita-intergenerazionale-e-diritti-di-cittadinanza-2002\/"},"author":{"name":"mikinadiodelai","@id":"https:\/\/www.nadiodelai.it\/nd2024\/#\/schema\/person\/01faa8efddc8a7a695d55a25702d0a31"},"headline":"Responsabilit\u00e0 intergenerazionale e diritti di cittadinanza\/2002","datePublished":"2022-11-03T12:46:11+00:00","mainEntityOfPage":{"@id":"https:\/\/www.nadiodelai.it\/nd2024\/responsabilita-intergenerazionale-e-diritti-di-cittadinanza-2002\/"},"wordCount":291,"commentCount":0,"publisher":{"@id":"https:\/\/www.nadiodelai.it\/nd2024\/#organization"},"image":{"@id":"https:\/\/www.nadiodelai.it\/nd2024\/responsabilita-intergenerazionale-e-diritti-di-cittadinanza-2002\/#primaryimage"},"thumbnailUrl":"https:\/\/www.nadiodelai.it\/nd2024\/wp-content\/uploads\/2022\/11\/Responsabilita-intergenerazionale-diritti-di-cittadinanza-2002.jpg","keywords":["Responsabilit\u00e0 intergenerazionale e diritti di cittadinanza\/2002"],"articleSection":["Rapporti Monografici sugli Anziani Vitali"],"inLanguage":"it-IT","potentialAction":[{"@type":"CommentAction","name":"Comment","target":["https:\/\/www.nadiodelai.it\/nd2024\/responsabilita-intergenerazionale-e-diritti-di-cittadinanza-2002\/#respond"]}]},{"@type":"WebPage","@id":"https:\/\/www.nadiodelai.it\/nd2024\/responsabilita-intergenerazionale-e-diritti-di-cittadinanza-2002\/","url":"https:\/\/www.nadiodelai.it\/nd2024\/responsabilita-intergenerazionale-e-diritti-di-cittadinanza-2002\/","name":"Responsabilit\u00e0 intergenerazionale e diritti di cittadinanza\/2002 - Nadio Delai","isPartOf":{"@id":"https:\/\/www.nadiodelai.it\/nd2024\/#website"},"primaryImageOfPage":{"@id":"https:\/\/www.nadiodelai.it\/nd2024\/responsabilita-intergenerazionale-e-diritti-di-cittadinanza-2002\/#primaryimage"},"image":{"@id":"https:\/\/www.nadiodelai.it\/nd2024\/responsabilita-intergenerazionale-e-diritti-di-cittadinanza-2002\/#primaryimage"},"thumbnailUrl":"https:\/\/www.nadiodelai.it\/nd2024\/wp-content\/uploads\/2022\/11\/Responsabilita-intergenerazionale-diritti-di-cittadinanza-2002.jpg","datePublished":"2022-11-03T12:46:11+00:00","description":"Persone anziane o persone mature? La questione non \u00e8 puramente linguistica, perch\u00e9 costituisce un segnale di identit\u00e0 e di assunzione ...","breadcrumb":{"@id":"https:\/\/www.nadiodelai.it\/nd2024\/responsabilita-intergenerazionale-e-diritti-di-cittadinanza-2002\/#breadcrumb"},"inLanguage":"it-IT","potentialAction":[{"@type":"ReadAction","target":["https:\/\/www.nadiodelai.it\/nd2024\/responsabilita-intergenerazionale-e-diritti-di-cittadinanza-2002\/"]}]},{"@type":"ImageObject","inLanguage":"it-IT","@id":"https:\/\/www.nadiodelai.it\/nd2024\/responsabilita-intergenerazionale-e-diritti-di-cittadinanza-2002\/#primaryimage","url":"https:\/\/www.nadiodelai.it\/nd2024\/wp-content\/uploads\/2022\/11\/Responsabilita-intergenerazionale-diritti-di-cittadinanza-2002.jpg","contentUrl":"https:\/\/www.nadiodelai.it\/nd2024\/wp-content\/uploads\/2022\/11\/Responsabilita-intergenerazionale-diritti-di-cittadinanza-2002.jpg","width":250,"height":292,"caption":"Responsabilit\u00e0 intergenerazionale e diritti di cittadinanza\/2002"},{"@type":"BreadcrumbList","@id":"https:\/\/www.nadiodelai.it\/nd2024\/responsabilita-intergenerazionale-e-diritti-di-cittadinanza-2002\/#breadcrumb","itemListElement":[{"@type":"ListItem","position":1,"name":"Home","item":"https:\/\/www.nadiodelai.it\/nd2024\/"},{"@type":"ListItem","position":2,"name":"Responsabilit\u00e0 intergenerazionale e diritti di cittadinanza\/2002"}]},{"@type":"WebSite","@id":"https:\/\/www.nadiodelai.it\/nd2024\/#website","url":"https:\/\/www.nadiodelai.it\/nd2024\/","name":"Nadio Delai","description":"Pubblicazioni di economia","publisher":{"@id":"https:\/\/www.nadiodelai.it\/nd2024\/#organization"},"potentialAction":[{"@type":"SearchAction","target":{"@type":"EntryPoint","urlTemplate":"https:\/\/www.nadiodelai.it\/nd2024\/?s={search_term_string}"},"query-input":{"@type":"PropertyValueSpecification","valueRequired":true,"valueName":"search_term_string"}}],"inLanguage":"it-IT"},{"@type":"Organization","@id":"https:\/\/www.nadiodelai.it\/nd2024\/#organization","name":"Nadio Delai","url":"https:\/\/www.nadiodelai.it\/nd2024\/","logo":{"@type":"ImageObject","inLanguage":"it-IT","@id":"https:\/\/www.nadiodelai.it\/nd2024\/#\/schema\/logo\/image\/","url":"https:\/\/www.nadiodelai.it\/nd2024\/wp-content\/uploads\/2022\/07\/logonadiodelai.jpg","contentUrl":"https:\/\/www.nadiodelai.it\/nd2024\/wp-content\/uploads\/2022\/07\/logonadiodelai.jpg","width":283,"height":59,"caption":"Nadio Delai"},"image":{"@id":"https:\/\/www.nadiodelai.it\/nd2024\/#\/schema\/logo\/image\/"}},{"@type":"Person","@id":"https:\/\/www.nadiodelai.it\/nd2024\/#\/schema\/person\/01faa8efddc8a7a695d55a25702d0a31","name":"mikinadiodelai","image":{"@type":"ImageObject","inLanguage":"it-IT","@id":"https:\/\/secure.gravatar.com\/avatar\/6c91c98616ba911912872989bdffe1477f5a0b877fcf4d4fdf15dd16ef32064a?s=96&d=mm&r=g","url":"https:\/\/secure.gravatar.com\/avatar\/6c91c98616ba911912872989bdffe1477f5a0b877fcf4d4fdf15dd16ef32064a?s=96&d=mm&r=g","contentUrl":"https:\/\/secure.gravatar.com\/avatar\/6c91c98616ba911912872989bdffe1477f5a0b877fcf4d4fdf15dd16ef32064a?s=96&d=mm&r=g","caption":"mikinadiodelai"},"sameAs":["https:\/\/www.nadiodelai.it\/nd2024"],"url":"https:\/\/www.nadiodelai.it\/nd2024\/author\/mikinadiodelai\/"}]}},"jetpack_sharing_enabled":true,"jetpack_featured_media_url":"https:\/\/www.nadiodelai.it\/nd2024\/wp-content\/uploads\/2022\/11\/Responsabilita-intergenerazionale-diritti-di-cittadinanza-2002.jpg","_links":{"self":[{"href":"https:\/\/www.nadiodelai.it\/nd2024\/wp-json\/wp\/v2\/posts\/1351","targetHints":{"allow":["GET"]}}],"collection":[{"href":"https:\/\/www.nadiodelai.it\/nd2024\/wp-json\/wp\/v2\/posts"}],"about":[{"href":"https:\/\/www.nadiodelai.it\/nd2024\/wp-json\/wp\/v2\/types\/post"}],"author":[{"embeddable":true,"href":"https:\/\/www.nadiodelai.it\/nd2024\/wp-json\/wp\/v2\/users\/1"}],"replies":[{"embeddable":true,"href":"https:\/\/www.nadiodelai.it\/nd2024\/wp-json\/wp\/v2\/comments?post=1351"}],"version-history":[{"count":0,"href":"https:\/\/www.nadiodelai.it\/nd2024\/wp-json\/wp\/v2\/posts\/1351\/revisions"}],"wp:featuredmedia":[{"embeddable":true,"href":"https:\/\/www.nadiodelai.it\/nd2024\/wp-json\/wp\/v2\/media\/1352"}],"wp:attachment":[{"href":"https:\/\/www.nadiodelai.it\/nd2024\/wp-json\/wp\/v2\/media?parent=1351"}],"wp:term":[{"taxonomy":"category","embeddable":true,"href":"https:\/\/www.nadiodelai.it\/nd2024\/wp-json\/wp\/v2\/categories?post=1351"},{"taxonomy":"post_tag","embeddable":true,"href":"https:\/\/www.nadiodelai.it\/nd2024\/wp-json\/wp\/v2\/tags?post=1351"}],"curies":[{"name":"wp","href":"https:\/\/api.w.org\/{rel}","templated":true}]}}