{"id":1354,"date":"2022-11-03T13:49:43","date_gmt":"2022-11-03T12:49:43","guid":{"rendered":"https:\/\/www.nadiodelai.it\/nd2024\/?p=1354"},"modified":"2022-11-03T13:49:43","modified_gmt":"2022-11-03T12:49:43","slug":"liberare-la-forza-delleta-matura-2001","status":"publish","type":"post","link":"https:\/\/www.nadiodelai.it\/nd2024\/liberare-la-forza-delleta-matura-2001\/","title":{"rendered":"Liberare la forza dell\u2019et\u00e0 matura\/2001"},"content":{"rendered":"<p style=\"text-align: justify;\">Essere Anziano Oggi segna annualmente la riflessione sulle condizioni, il ruolo e l\u2019immagine dell\u2019\u201canziano vitale\u201d, al di fuori dello stereotipo che dipinge le persone in l\u00e0 con gli anni come indistintamente deboli, fragili e da assistere. Mentre la maggior parte si trova in condizioni decisamente buone o discrete sia sotto il profilo della salute sia sotto quello delle condizioni economiche, ma soprattutto per quanto riguarda la voglia di vivere e di fare.<br \/>\nIl Rapporto del 2001 (\u201cLiberare la forza dell\u2019et\u00e0 matura\u201d) esplora due ambiti importanti della terza et\u00e0.<br \/>\nIl primo riguarda la forza economica del soggetto anziano che non solo consuma per s\u00e9, ma permette atti di spesa quotidiana e di investimento ad altre generazioni cio\u00e8 ai figli, ai nipoti, ai fratelli, ecc., attraverso aiuti economici diretti, attraverso regali consistenti, attraverso la messa a disposizione del proprio tempo.<br \/>\nIl secondo ambito concerne le attese e i bisogni degli anziani vitali nei confronti del soggetto pubblico (Stato, Regioni od Enti locali), ai quali viene esplicitamente richiesto un sostegno adeguato per poter esercitare un\u2019ampia responsabilit\u00e0 del soggetto anziano verso se stesso e verso gli altri.<br \/>\nL\u2019analisi \u00e8 stata condotta attraverso un questionario articolato, somministrato direttamente a pi\u00f9 di 1.300 anziani, con il coinvolgimento diretto delle strutture associative di 50&amp;Pi\u00f9 Fenacom.<br \/>\nI risultati sottolineano l\u2019esistenza di un anziano avente caratteristiche di robusto \u201cconsumatore esteso e\/o silente\u201d, perch\u00e9 contribuisce con le risorse a realizzare spese di altre generazioni, specie pi\u00f9 giovani; ma evidenziano anche una domanda di politiche di \u201cpromozione\u201d e non di pura \u201cassistenza\u201d, per poter garantire all\u2019anziano una piena cittadinanza nei fatti e non solo nei principi, liberandolo dalla prigionia di essere tradizionalmente considerato come \u201ccategoria protetta\u201d.<\/p>\n","protected":false},"excerpt":{"rendered":"<p>Essere Anziano Oggi segna annualmente la riflessione sulle condizioni, il ruolo e l\u2019immagine dell\u2019\u201canziano vitale\u201d, al di fuori dello stereotipo che dipinge le persone in l\u00e0 con gli anni come indistintamente deboli, fragili e da assistere. Mentre la maggior parte si trova in condizioni decisamente buone o discrete sia sotto il profilo della salute sia [&hellip;]<\/p>\n","protected":false},"author":1,"featured_media":1355,"comment_status":"open","ping_status":"open","sticky":false,"template":"","format":"standard","meta":{"_acf_changed":false,"ngg_post_thumbnail":0,"_jetpack_newsletter_access":"","_jetpack_dont_email_post_to_subs":false,"_jetpack_newsletter_tier_id":0,"_jetpack_memberships_contains_paywalled_content":false,"_jetpack_feature_clip_id":0,"_jetpack_memberships_contains_paid_content":false,"footnotes":"","jetpack_post_was_ever_published":false},"categories":[10],"tags":[149],"class_list":["post-1354","post","type-post","status-publish","format-standard","has-post-thumbnail","hentry","category-rapporti-monografici-sugli-anziani-vitali","tag-liberare-la-forza-delleta-matura-2001"],"acf":[],"yoast_head":"<!-- This site is optimized with the Yoast SEO plugin v28.3 - https:\/\/yoast.com\/product\/yoast-seo-wordpress\/ -->\n<title>Liberare la forza dell\u2019et\u00e0 matura\/2001 - Nadio Delai<\/title>\n<meta name=\"description\" content=\"Essere Anziano Oggi segna annualmente la riflessione sulle condizioni, il ruolo e l\u2019immagine dell\u2019\u201canziano vitale\u201d\" \/>\n<meta name=\"robots\" content=\"index, follow, max-snippet:-1, max-image-preview:large, max-video-preview:-1\" \/>\n<link rel=\"canonical\" href=\"https:\/\/www.nadiodelai.it\/nd2024\/liberare-la-forza-delleta-matura-2001\/\" \/>\n<meta property=\"og:locale\" content=\"it_IT\" \/>\n<meta property=\"og:type\" content=\"article\" \/>\n<meta property=\"og:title\" content=\"Liberare la forza dell\u2019et\u00e0 matura\/2001 - Nadio Delai\" \/>\n<meta property=\"og:description\" content=\"Essere Anziano Oggi segna annualmente la riflessione sulle condizioni, il ruolo e l\u2019immagine dell\u2019\u201canziano vitale\u201d\" \/>\n<meta property=\"og:url\" content=\"https:\/\/www.nadiodelai.it\/nd2024\/liberare-la-forza-delleta-matura-2001\/\" \/>\n<meta property=\"og:site_name\" content=\"Nadio Delai\" \/>\n<meta property=\"article:published_time\" content=\"2022-11-03T12:49:43+00:00\" \/>\n<meta property=\"og:image\" content=\"https:\/\/www.nadiodelai.it\/nd2024\/wp-content\/uploads\/2022\/11\/liberare-la-forza-eta-matura-2001.jpg\" \/>\n\t<meta property=\"og:image:width\" content=\"250\" \/>\n\t<meta property=\"og:image:height\" content=\"315\" \/>\n\t<meta property=\"og:image:type\" content=\"image\/jpeg\" \/>\n<meta name=\"author\" content=\"mikinadiodelai\" \/>\n<meta name=\"twitter:card\" content=\"summary_large_image\" \/>\n<meta name=\"twitter:label1\" content=\"Scritto da\" \/>\n\t<meta name=\"twitter:data1\" content=\"mikinadiodelai\" \/>\n\t<meta name=\"twitter:label2\" content=\"Tempo di lettura stimato\" \/>\n\t<meta name=\"twitter:data2\" content=\"2 minuti\" \/>\n<script type=\"application\/ld+json\" class=\"yoast-schema-graph\">{\"@context\":\"https:\\\/\\\/schema.org\",\"@graph\":[{\"@type\":\"Article\",\"@id\":\"https:\\\/\\\/www.nadiodelai.it\\\/nd2024\\\/liberare-la-forza-delleta-matura-2001\\\/#article\",\"isPartOf\":{\"@id\":\"https:\\\/\\\/www.nadiodelai.it\\\/nd2024\\\/liberare-la-forza-delleta-matura-2001\\\/\"},\"author\":{\"name\":\"mikinadiodelai\",\"@id\":\"https:\\\/\\\/www.nadiodelai.it\\\/nd2024\\\/#\\\/schema\\\/person\\\/01faa8efddc8a7a695d55a25702d0a31\"},\"headline\":\"Liberare la forza dell\u2019et\u00e0 matura\\\/2001\",\"datePublished\":\"2022-11-03T12:49:43+00:00\",\"mainEntityOfPage\":{\"@id\":\"https:\\\/\\\/www.nadiodelai.it\\\/nd2024\\\/liberare-la-forza-delleta-matura-2001\\\/\"},\"wordCount\":287,\"commentCount\":0,\"publisher\":{\"@id\":\"https:\\\/\\\/www.nadiodelai.it\\\/nd2024\\\/#organization\"},\"image\":{\"@id\":\"https:\\\/\\\/www.nadiodelai.it\\\/nd2024\\\/liberare-la-forza-delleta-matura-2001\\\/#primaryimage\"},\"thumbnailUrl\":\"https:\\\/\\\/www.nadiodelai.it\\\/nd2024\\\/wp-content\\\/uploads\\\/2022\\\/11\\\/liberare-la-forza-eta-matura-2001.jpg\",\"keywords\":[\"Liberare la forza dell\u2019et\u00e0 matura\\\/2001\"],\"articleSection\":[\"Rapporti Monografici sugli Anziani Vitali\"],\"inLanguage\":\"it-IT\",\"potentialAction\":[{\"@type\":\"CommentAction\",\"name\":\"Comment\",\"target\":[\"https:\\\/\\\/www.nadiodelai.it\\\/nd2024\\\/liberare-la-forza-delleta-matura-2001\\\/#respond\"]}]},{\"@type\":\"WebPage\",\"@id\":\"https:\\\/\\\/www.nadiodelai.it\\\/nd2024\\\/liberare-la-forza-delleta-matura-2001\\\/\",\"url\":\"https:\\\/\\\/www.nadiodelai.it\\\/nd2024\\\/liberare-la-forza-delleta-matura-2001\\\/\",\"name\":\"Liberare la forza dell\u2019et\u00e0 matura\\\/2001 - Nadio Delai\",\"isPartOf\":{\"@id\":\"https:\\\/\\\/www.nadiodelai.it\\\/nd2024\\\/#website\"},\"primaryImageOfPage\":{\"@id\":\"https:\\\/\\\/www.nadiodelai.it\\\/nd2024\\\/liberare-la-forza-delleta-matura-2001\\\/#primaryimage\"},\"image\":{\"@id\":\"https:\\\/\\\/www.nadiodelai.it\\\/nd2024\\\/liberare-la-forza-delleta-matura-2001\\\/#primaryimage\"},\"thumbnailUrl\":\"https:\\\/\\\/www.nadiodelai.it\\\/nd2024\\\/wp-content\\\/uploads\\\/2022\\\/11\\\/liberare-la-forza-eta-matura-2001.jpg\",\"datePublished\":\"2022-11-03T12:49:43+00:00\",\"description\":\"Essere Anziano Oggi segna annualmente la riflessione sulle condizioni, il ruolo e l\u2019immagine dell\u2019\u201canziano vitale\u201d\",\"breadcrumb\":{\"@id\":\"https:\\\/\\\/www.nadiodelai.it\\\/nd2024\\\/liberare-la-forza-delleta-matura-2001\\\/#breadcrumb\"},\"inLanguage\":\"it-IT\",\"potentialAction\":[{\"@type\":\"ReadAction\",\"target\":[\"https:\\\/\\\/www.nadiodelai.it\\\/nd2024\\\/liberare-la-forza-delleta-matura-2001\\\/\"]}]},{\"@type\":\"ImageObject\",\"inLanguage\":\"it-IT\",\"@id\":\"https:\\\/\\\/www.nadiodelai.it\\\/nd2024\\\/liberare-la-forza-delleta-matura-2001\\\/#primaryimage\",\"url\":\"https:\\\/\\\/www.nadiodelai.it\\\/nd2024\\\/wp-content\\\/uploads\\\/2022\\\/11\\\/liberare-la-forza-eta-matura-2001.jpg\",\"contentUrl\":\"https:\\\/\\\/www.nadiodelai.it\\\/nd2024\\\/wp-content\\\/uploads\\\/2022\\\/11\\\/liberare-la-forza-eta-matura-2001.jpg\",\"width\":250,\"height\":315,\"caption\":\"Liberare la forza dell\u2019et\u00e0 matura\\\/2001\"},{\"@type\":\"BreadcrumbList\",\"@id\":\"https:\\\/\\\/www.nadiodelai.it\\\/nd2024\\\/liberare-la-forza-delleta-matura-2001\\\/#breadcrumb\",\"itemListElement\":[{\"@type\":\"ListItem\",\"position\":1,\"name\":\"Home\",\"item\":\"https:\\\/\\\/www.nadiodelai.it\\\/nd2024\\\/\"},{\"@type\":\"ListItem\",\"position\":2,\"name\":\"Liberare la forza dell\u2019et\u00e0 matura\\\/2001\"}]},{\"@type\":\"WebSite\",\"@id\":\"https:\\\/\\\/www.nadiodelai.it\\\/nd2024\\\/#website\",\"url\":\"https:\\\/\\\/www.nadiodelai.it\\\/nd2024\\\/\",\"name\":\"Nadio Delai\",\"description\":\"Pubblicazioni di economia\",\"publisher\":{\"@id\":\"https:\\\/\\\/www.nadiodelai.it\\\/nd2024\\\/#organization\"},\"potentialAction\":[{\"@type\":\"SearchAction\",\"target\":{\"@type\":\"EntryPoint\",\"urlTemplate\":\"https:\\\/\\\/www.nadiodelai.it\\\/nd2024\\\/?s={search_term_string}\"},\"query-input\":{\"@type\":\"PropertyValueSpecification\",\"valueRequired\":true,\"valueName\":\"search_term_string\"}}],\"inLanguage\":\"it-IT\"},{\"@type\":\"Organization\",\"@id\":\"https:\\\/\\\/www.nadiodelai.it\\\/nd2024\\\/#organization\",\"name\":\"Nadio Delai\",\"url\":\"https:\\\/\\\/www.nadiodelai.it\\\/nd2024\\\/\",\"logo\":{\"@type\":\"ImageObject\",\"inLanguage\":\"it-IT\",\"@id\":\"https:\\\/\\\/www.nadiodelai.it\\\/nd2024\\\/#\\\/schema\\\/logo\\\/image\\\/\",\"url\":\"https:\\\/\\\/www.nadiodelai.it\\\/nd2024\\\/wp-content\\\/uploads\\\/2022\\\/07\\\/logonadiodelai.jpg\",\"contentUrl\":\"https:\\\/\\\/www.nadiodelai.it\\\/nd2024\\\/wp-content\\\/uploads\\\/2022\\\/07\\\/logonadiodelai.jpg\",\"width\":283,\"height\":59,\"caption\":\"Nadio Delai\"},\"image\":{\"@id\":\"https:\\\/\\\/www.nadiodelai.it\\\/nd2024\\\/#\\\/schema\\\/logo\\\/image\\\/\"}},{\"@type\":\"Person\",\"@id\":\"https:\\\/\\\/www.nadiodelai.it\\\/nd2024\\\/#\\\/schema\\\/person\\\/01faa8efddc8a7a695d55a25702d0a31\",\"name\":\"mikinadiodelai\",\"image\":{\"@type\":\"ImageObject\",\"inLanguage\":\"it-IT\",\"@id\":\"https:\\\/\\\/secure.gravatar.com\\\/avatar\\\/6c91c98616ba911912872989bdffe1477f5a0b877fcf4d4fdf15dd16ef32064a?s=96&d=mm&r=g\",\"url\":\"https:\\\/\\\/secure.gravatar.com\\\/avatar\\\/6c91c98616ba911912872989bdffe1477f5a0b877fcf4d4fdf15dd16ef32064a?s=96&d=mm&r=g\",\"contentUrl\":\"https:\\\/\\\/secure.gravatar.com\\\/avatar\\\/6c91c98616ba911912872989bdffe1477f5a0b877fcf4d4fdf15dd16ef32064a?s=96&d=mm&r=g\",\"caption\":\"mikinadiodelai\"},\"sameAs\":[\"https:\\\/\\\/www.nadiodelai.it\\\/nd2024\"],\"url\":\"https:\\\/\\\/www.nadiodelai.it\\\/nd2024\\\/author\\\/mikinadiodelai\\\/\"}]}<\/script>\n<!-- \/ Yoast SEO plugin. -->","yoast_head_json":{"title":"Liberare la forza dell\u2019et\u00e0 matura\/2001 - Nadio Delai","description":"Essere Anziano Oggi segna annualmente la riflessione sulle condizioni, il ruolo e l\u2019immagine dell\u2019\u201canziano vitale\u201d","robots":{"index":"index","follow":"follow","max-snippet":"max-snippet:-1","max-image-preview":"max-image-preview:large","max-video-preview":"max-video-preview:-1"},"canonical":"https:\/\/www.nadiodelai.it\/nd2024\/liberare-la-forza-delleta-matura-2001\/","og_locale":"it_IT","og_type":"article","og_title":"Liberare la forza dell\u2019et\u00e0 matura\/2001 - Nadio Delai","og_description":"Essere Anziano Oggi segna annualmente la riflessione sulle condizioni, il ruolo e l\u2019immagine dell\u2019\u201canziano vitale\u201d","og_url":"https:\/\/www.nadiodelai.it\/nd2024\/liberare-la-forza-delleta-matura-2001\/","og_site_name":"Nadio Delai","article_published_time":"2022-11-03T12:49:43+00:00","og_image":[{"width":250,"height":315,"url":"https:\/\/www.nadiodelai.it\/nd2024\/wp-content\/uploads\/2022\/11\/liberare-la-forza-eta-matura-2001.jpg","type":"image\/jpeg"}],"author":"mikinadiodelai","twitter_card":"summary_large_image","twitter_misc":{"Scritto da":"mikinadiodelai","Tempo di lettura stimato":"2 minuti"},"schema":{"@context":"https:\/\/schema.org","@graph":[{"@type":"Article","@id":"https:\/\/www.nadiodelai.it\/nd2024\/liberare-la-forza-delleta-matura-2001\/#article","isPartOf":{"@id":"https:\/\/www.nadiodelai.it\/nd2024\/liberare-la-forza-delleta-matura-2001\/"},"author":{"name":"mikinadiodelai","@id":"https:\/\/www.nadiodelai.it\/nd2024\/#\/schema\/person\/01faa8efddc8a7a695d55a25702d0a31"},"headline":"Liberare la forza dell\u2019et\u00e0 matura\/2001","datePublished":"2022-11-03T12:49:43+00:00","mainEntityOfPage":{"@id":"https:\/\/www.nadiodelai.it\/nd2024\/liberare-la-forza-delleta-matura-2001\/"},"wordCount":287,"commentCount":0,"publisher":{"@id":"https:\/\/www.nadiodelai.it\/nd2024\/#organization"},"image":{"@id":"https:\/\/www.nadiodelai.it\/nd2024\/liberare-la-forza-delleta-matura-2001\/#primaryimage"},"thumbnailUrl":"https:\/\/www.nadiodelai.it\/nd2024\/wp-content\/uploads\/2022\/11\/liberare-la-forza-eta-matura-2001.jpg","keywords":["Liberare la forza dell\u2019et\u00e0 matura\/2001"],"articleSection":["Rapporti Monografici sugli Anziani Vitali"],"inLanguage":"it-IT","potentialAction":[{"@type":"CommentAction","name":"Comment","target":["https:\/\/www.nadiodelai.it\/nd2024\/liberare-la-forza-delleta-matura-2001\/#respond"]}]},{"@type":"WebPage","@id":"https:\/\/www.nadiodelai.it\/nd2024\/liberare-la-forza-delleta-matura-2001\/","url":"https:\/\/www.nadiodelai.it\/nd2024\/liberare-la-forza-delleta-matura-2001\/","name":"Liberare la forza dell\u2019et\u00e0 matura\/2001 - Nadio Delai","isPartOf":{"@id":"https:\/\/www.nadiodelai.it\/nd2024\/#website"},"primaryImageOfPage":{"@id":"https:\/\/www.nadiodelai.it\/nd2024\/liberare-la-forza-delleta-matura-2001\/#primaryimage"},"image":{"@id":"https:\/\/www.nadiodelai.it\/nd2024\/liberare-la-forza-delleta-matura-2001\/#primaryimage"},"thumbnailUrl":"https:\/\/www.nadiodelai.it\/nd2024\/wp-content\/uploads\/2022\/11\/liberare-la-forza-eta-matura-2001.jpg","datePublished":"2022-11-03T12:49:43+00:00","description":"Essere Anziano Oggi segna annualmente la riflessione sulle condizioni, il ruolo e l\u2019immagine dell\u2019\u201canziano vitale\u201d","breadcrumb":{"@id":"https:\/\/www.nadiodelai.it\/nd2024\/liberare-la-forza-delleta-matura-2001\/#breadcrumb"},"inLanguage":"it-IT","potentialAction":[{"@type":"ReadAction","target":["https:\/\/www.nadiodelai.it\/nd2024\/liberare-la-forza-delleta-matura-2001\/"]}]},{"@type":"ImageObject","inLanguage":"it-IT","@id":"https:\/\/www.nadiodelai.it\/nd2024\/liberare-la-forza-delleta-matura-2001\/#primaryimage","url":"https:\/\/www.nadiodelai.it\/nd2024\/wp-content\/uploads\/2022\/11\/liberare-la-forza-eta-matura-2001.jpg","contentUrl":"https:\/\/www.nadiodelai.it\/nd2024\/wp-content\/uploads\/2022\/11\/liberare-la-forza-eta-matura-2001.jpg","width":250,"height":315,"caption":"Liberare la forza dell\u2019et\u00e0 matura\/2001"},{"@type":"BreadcrumbList","@id":"https:\/\/www.nadiodelai.it\/nd2024\/liberare-la-forza-delleta-matura-2001\/#breadcrumb","itemListElement":[{"@type":"ListItem","position":1,"name":"Home","item":"https:\/\/www.nadiodelai.it\/nd2024\/"},{"@type":"ListItem","position":2,"name":"Liberare la forza dell\u2019et\u00e0 matura\/2001"}]},{"@type":"WebSite","@id":"https:\/\/www.nadiodelai.it\/nd2024\/#website","url":"https:\/\/www.nadiodelai.it\/nd2024\/","name":"Nadio Delai","description":"Pubblicazioni di economia","publisher":{"@id":"https:\/\/www.nadiodelai.it\/nd2024\/#organization"},"potentialAction":[{"@type":"SearchAction","target":{"@type":"EntryPoint","urlTemplate":"https:\/\/www.nadiodelai.it\/nd2024\/?s={search_term_string}"},"query-input":{"@type":"PropertyValueSpecification","valueRequired":true,"valueName":"search_term_string"}}],"inLanguage":"it-IT"},{"@type":"Organization","@id":"https:\/\/www.nadiodelai.it\/nd2024\/#organization","name":"Nadio Delai","url":"https:\/\/www.nadiodelai.it\/nd2024\/","logo":{"@type":"ImageObject","inLanguage":"it-IT","@id":"https:\/\/www.nadiodelai.it\/nd2024\/#\/schema\/logo\/image\/","url":"https:\/\/www.nadiodelai.it\/nd2024\/wp-content\/uploads\/2022\/07\/logonadiodelai.jpg","contentUrl":"https:\/\/www.nadiodelai.it\/nd2024\/wp-content\/uploads\/2022\/07\/logonadiodelai.jpg","width":283,"height":59,"caption":"Nadio Delai"},"image":{"@id":"https:\/\/www.nadiodelai.it\/nd2024\/#\/schema\/logo\/image\/"}},{"@type":"Person","@id":"https:\/\/www.nadiodelai.it\/nd2024\/#\/schema\/person\/01faa8efddc8a7a695d55a25702d0a31","name":"mikinadiodelai","image":{"@type":"ImageObject","inLanguage":"it-IT","@id":"https:\/\/secure.gravatar.com\/avatar\/6c91c98616ba911912872989bdffe1477f5a0b877fcf4d4fdf15dd16ef32064a?s=96&d=mm&r=g","url":"https:\/\/secure.gravatar.com\/avatar\/6c91c98616ba911912872989bdffe1477f5a0b877fcf4d4fdf15dd16ef32064a?s=96&d=mm&r=g","contentUrl":"https:\/\/secure.gravatar.com\/avatar\/6c91c98616ba911912872989bdffe1477f5a0b877fcf4d4fdf15dd16ef32064a?s=96&d=mm&r=g","caption":"mikinadiodelai"},"sameAs":["https:\/\/www.nadiodelai.it\/nd2024"],"url":"https:\/\/www.nadiodelai.it\/nd2024\/author\/mikinadiodelai\/"}]}},"jetpack_sharing_enabled":true,"jetpack_featured_media_url":"https:\/\/www.nadiodelai.it\/nd2024\/wp-content\/uploads\/2022\/11\/liberare-la-forza-eta-matura-2001.jpg","_links":{"self":[{"href":"https:\/\/www.nadiodelai.it\/nd2024\/wp-json\/wp\/v2\/posts\/1354","targetHints":{"allow":["GET"]}}],"collection":[{"href":"https:\/\/www.nadiodelai.it\/nd2024\/wp-json\/wp\/v2\/posts"}],"about":[{"href":"https:\/\/www.nadiodelai.it\/nd2024\/wp-json\/wp\/v2\/types\/post"}],"author":[{"embeddable":true,"href":"https:\/\/www.nadiodelai.it\/nd2024\/wp-json\/wp\/v2\/users\/1"}],"replies":[{"embeddable":true,"href":"https:\/\/www.nadiodelai.it\/nd2024\/wp-json\/wp\/v2\/comments?post=1354"}],"version-history":[{"count":0,"href":"https:\/\/www.nadiodelai.it\/nd2024\/wp-json\/wp\/v2\/posts\/1354\/revisions"}],"wp:featuredmedia":[{"embeddable":true,"href":"https:\/\/www.nadiodelai.it\/nd2024\/wp-json\/wp\/v2\/media\/1355"}],"wp:attachment":[{"href":"https:\/\/www.nadiodelai.it\/nd2024\/wp-json\/wp\/v2\/media?parent=1354"}],"wp:term":[{"taxonomy":"category","embeddable":true,"href":"https:\/\/www.nadiodelai.it\/nd2024\/wp-json\/wp\/v2\/categories?post=1354"},{"taxonomy":"post_tag","embeddable":true,"href":"https:\/\/www.nadiodelai.it\/nd2024\/wp-json\/wp\/v2\/tags?post=1354"}],"curies":[{"name":"wp","href":"https:\/\/api.w.org\/{rel}","templated":true}]}}