{"id":1357,"date":"2022-11-03T13:52:56","date_gmt":"2022-11-03T12:52:56","guid":{"rendered":"https:\/\/www.nadiodelai.it\/nd2024\/?p=1357"},"modified":"2022-11-03T13:52:56","modified_gmt":"2022-11-03T12:52:56","slug":"rispondere-alle-attese-della-terza-eta-vitale-in-europa-2003","status":"publish","type":"post","link":"https:\/\/www.nadiodelai.it\/nd2024\/rispondere-alle-attese-della-terza-eta-vitale-in-europa-2003\/","title":{"rendered":"Rispondere alle attese della terza et\u00e0 vitale in Europa\/2003"},"content":{"rendered":"<p style=\"text-align: justify;\">Ristabilire una visione equilibrata del mondo anziano non rappresenta un\u2019esigenza solo italiana, ma investe l\u2019intera Europa.<br \/>\nL\u2019invecchiamento della popolazione ha bisogno infatti di essere interpretato al di l\u00e0 dei numeri che disegnano un futuro pi\u00f9 sbilanciato sulle componenti mature della societ\u00e0.<br \/>\nServe perci\u00f2 saper guardare alla soggettivit\u00e0 delle persone anziane che oggi restano attive e vitali ben oltre l\u2019et\u00e0 della pensione.<br \/>\nSolo lavorando su questa risorsa nascosta sar\u00e0 possibile affrontare il tema dell\u2019invecchiamento altrimenti insolubile. Reimmettere nella vita attiva (professionale, familiare, civile) la componente anziana vitale costituisce un compito che richiede un cambiamento di prospettiva e politiche adeguate.<br \/>\nPer questo si \u00e8 voluto sentire direttamente la componente anziana dei vari Paesi, oltre che quella delle relative associazioni di rappresentanza.<br \/>\nI contesti nazionali sono diversi e le opinioni assumono conseguentemente sfumature e pesi differenti. Ma presentano anche convergenze inevitabili sulla necessit\u00e0 di passare all\u2019azione per sostenere in maniera pi\u00f9 esplicita la voglia di prolungata autonomia degli anziani vitali.<br \/>\nLa \u201cchiamata\u201d \u00e8 per tutti: per le singole persone e il loro impegno ad investire le proprie energie, per le associazioni e il compito di interpretare i nuovi interessi, per le istituzioni nazionali che devono inventarsi politiche appropriate e per l\u2019Europa, da cui ci si aspetta un segnale chiaro e inequivocabile in questa direzione.<\/p>\n","protected":false},"excerpt":{"rendered":"<p>Ristabilire una visione equilibrata del mondo anziano non rappresenta un\u2019esigenza solo italiana, ma investe l\u2019intera Europa. L\u2019invecchiamento della popolazione ha bisogno infatti di essere interpretato al di l\u00e0 dei numeri che disegnano un futuro pi\u00f9 sbilanciato sulle componenti mature della societ\u00e0. Serve perci\u00f2 saper guardare alla soggettivit\u00e0 delle persone anziane che oggi restano attive e [&hellip;]<\/p>\n","protected":false},"author":1,"featured_media":1358,"comment_status":"open","ping_status":"open","sticky":false,"template":"","format":"standard","meta":{"_acf_changed":false,"ngg_post_thumbnail":0,"_jetpack_newsletter_access":"","_jetpack_dont_email_post_to_subs":false,"_jetpack_newsletter_tier_id":0,"_jetpack_memberships_contains_paywalled_content":false,"_jetpack_feature_clip_id":0,"_jetpack_memberships_contains_paid_content":false,"footnotes":"","jetpack_post_was_ever_published":false},"categories":[10],"tags":[150],"class_list":["post-1357","post","type-post","status-publish","format-standard","has-post-thumbnail","hentry","category-rapporti-monografici-sugli-anziani-vitali","tag-rispondere-alle-attese-della-terza-eta-vitale-in-europa-2003"],"acf":[],"yoast_head":"<!-- This site is optimized with the Yoast SEO plugin v28.3 - https:\/\/yoast.com\/product\/yoast-seo-wordpress\/ -->\n<title>Rispondere alle attese della terza et\u00e0 vitale in Europa\/2003 - Nadio Delai<\/title>\n<meta name=\"description\" content=\"Ristabilire una visione equilibrata del mondo anziano non rappresenta un\u2019esigenza solo italiana, ma investe l\u2019intera Europa.\" \/>\n<meta name=\"robots\" content=\"index, follow, max-snippet:-1, max-image-preview:large, max-video-preview:-1\" \/>\n<link rel=\"canonical\" href=\"https:\/\/www.nadiodelai.it\/nd2024\/rispondere-alle-attese-della-terza-eta-vitale-in-europa-2003\/\" \/>\n<meta property=\"og:locale\" content=\"it_IT\" \/>\n<meta property=\"og:type\" content=\"article\" \/>\n<meta property=\"og:title\" content=\"Rispondere alle attese della terza et\u00e0 vitale in Europa\/2003 - Nadio Delai\" \/>\n<meta property=\"og:description\" content=\"Ristabilire una visione equilibrata del mondo anziano non rappresenta un\u2019esigenza solo italiana, ma investe l\u2019intera Europa.\" \/>\n<meta property=\"og:url\" content=\"https:\/\/www.nadiodelai.it\/nd2024\/rispondere-alle-attese-della-terza-eta-vitale-in-europa-2003\/\" \/>\n<meta property=\"og:site_name\" content=\"Nadio Delai\" \/>\n<meta property=\"article:published_time\" content=\"2022-11-03T12:52:56+00:00\" \/>\n<meta property=\"og:image\" content=\"https:\/\/www.nadiodelai.it\/nd2024\/wp-content\/uploads\/2022\/11\/rispondere-attese-terza-eta-vitale-europa-2003.jpg\" \/>\n\t<meta property=\"og:image:width\" content=\"250\" \/>\n\t<meta property=\"og:image:height\" content=\"292\" \/>\n\t<meta property=\"og:image:type\" content=\"image\/jpeg\" \/>\n<meta name=\"author\" content=\"mikinadiodelai\" \/>\n<meta name=\"twitter:card\" content=\"summary_large_image\" \/>\n<meta name=\"twitter:label1\" content=\"Scritto da\" \/>\n\t<meta name=\"twitter:data1\" content=\"mikinadiodelai\" \/>\n\t<meta name=\"twitter:label2\" content=\"Tempo di lettura stimato\" \/>\n\t<meta name=\"twitter:data2\" content=\"2 minuti\" \/>\n<script type=\"application\/ld+json\" class=\"yoast-schema-graph\">{\"@context\":\"https:\\\/\\\/schema.org\",\"@graph\":[{\"@type\":\"Article\",\"@id\":\"https:\\\/\\\/www.nadiodelai.it\\\/nd2024\\\/rispondere-alle-attese-della-terza-eta-vitale-in-europa-2003\\\/#article\",\"isPartOf\":{\"@id\":\"https:\\\/\\\/www.nadiodelai.it\\\/nd2024\\\/rispondere-alle-attese-della-terza-eta-vitale-in-europa-2003\\\/\"},\"author\":{\"name\":\"mikinadiodelai\",\"@id\":\"https:\\\/\\\/www.nadiodelai.it\\\/nd2024\\\/#\\\/schema\\\/person\\\/01faa8efddc8a7a695d55a25702d0a31\"},\"headline\":\"Rispondere alle attese della terza et\u00e0 vitale in Europa\\\/2003\",\"datePublished\":\"2022-11-03T12:52:56+00:00\",\"mainEntityOfPage\":{\"@id\":\"https:\\\/\\\/www.nadiodelai.it\\\/nd2024\\\/rispondere-alle-attese-della-terza-eta-vitale-in-europa-2003\\\/\"},\"wordCount\":225,\"commentCount\":0,\"publisher\":{\"@id\":\"https:\\\/\\\/www.nadiodelai.it\\\/nd2024\\\/#organization\"},\"image\":{\"@id\":\"https:\\\/\\\/www.nadiodelai.it\\\/nd2024\\\/rispondere-alle-attese-della-terza-eta-vitale-in-europa-2003\\\/#primaryimage\"},\"thumbnailUrl\":\"https:\\\/\\\/www.nadiodelai.it\\\/nd2024\\\/wp-content\\\/uploads\\\/2022\\\/11\\\/rispondere-attese-terza-eta-vitale-europa-2003.jpg\",\"keywords\":[\"Rispondere alle attese della terza et\u00e0 vitale in Europa\\\/2003\"],\"articleSection\":[\"Rapporti Monografici sugli Anziani Vitali\"],\"inLanguage\":\"it-IT\",\"potentialAction\":[{\"@type\":\"CommentAction\",\"name\":\"Comment\",\"target\":[\"https:\\\/\\\/www.nadiodelai.it\\\/nd2024\\\/rispondere-alle-attese-della-terza-eta-vitale-in-europa-2003\\\/#respond\"]}]},{\"@type\":\"WebPage\",\"@id\":\"https:\\\/\\\/www.nadiodelai.it\\\/nd2024\\\/rispondere-alle-attese-della-terza-eta-vitale-in-europa-2003\\\/\",\"url\":\"https:\\\/\\\/www.nadiodelai.it\\\/nd2024\\\/rispondere-alle-attese-della-terza-eta-vitale-in-europa-2003\\\/\",\"name\":\"Rispondere alle attese della terza et\u00e0 vitale in Europa\\\/2003 - Nadio Delai\",\"isPartOf\":{\"@id\":\"https:\\\/\\\/www.nadiodelai.it\\\/nd2024\\\/#website\"},\"primaryImageOfPage\":{\"@id\":\"https:\\\/\\\/www.nadiodelai.it\\\/nd2024\\\/rispondere-alle-attese-della-terza-eta-vitale-in-europa-2003\\\/#primaryimage\"},\"image\":{\"@id\":\"https:\\\/\\\/www.nadiodelai.it\\\/nd2024\\\/rispondere-alle-attese-della-terza-eta-vitale-in-europa-2003\\\/#primaryimage\"},\"thumbnailUrl\":\"https:\\\/\\\/www.nadiodelai.it\\\/nd2024\\\/wp-content\\\/uploads\\\/2022\\\/11\\\/rispondere-attese-terza-eta-vitale-europa-2003.jpg\",\"datePublished\":\"2022-11-03T12:52:56+00:00\",\"description\":\"Ristabilire una visione equilibrata del mondo anziano non rappresenta un\u2019esigenza solo italiana, ma investe l\u2019intera Europa.\",\"breadcrumb\":{\"@id\":\"https:\\\/\\\/www.nadiodelai.it\\\/nd2024\\\/rispondere-alle-attese-della-terza-eta-vitale-in-europa-2003\\\/#breadcrumb\"},\"inLanguage\":\"it-IT\",\"potentialAction\":[{\"@type\":\"ReadAction\",\"target\":[\"https:\\\/\\\/www.nadiodelai.it\\\/nd2024\\\/rispondere-alle-attese-della-terza-eta-vitale-in-europa-2003\\\/\"]}]},{\"@type\":\"ImageObject\",\"inLanguage\":\"it-IT\",\"@id\":\"https:\\\/\\\/www.nadiodelai.it\\\/nd2024\\\/rispondere-alle-attese-della-terza-eta-vitale-in-europa-2003\\\/#primaryimage\",\"url\":\"https:\\\/\\\/www.nadiodelai.it\\\/nd2024\\\/wp-content\\\/uploads\\\/2022\\\/11\\\/rispondere-attese-terza-eta-vitale-europa-2003.jpg\",\"contentUrl\":\"https:\\\/\\\/www.nadiodelai.it\\\/nd2024\\\/wp-content\\\/uploads\\\/2022\\\/11\\\/rispondere-attese-terza-eta-vitale-europa-2003.jpg\",\"width\":250,\"height\":292,\"caption\":\"Rispondere alle attese della terza et\u00e0 vitale in Europa\\\/2003\"},{\"@type\":\"BreadcrumbList\",\"@id\":\"https:\\\/\\\/www.nadiodelai.it\\\/nd2024\\\/rispondere-alle-attese-della-terza-eta-vitale-in-europa-2003\\\/#breadcrumb\",\"itemListElement\":[{\"@type\":\"ListItem\",\"position\":1,\"name\":\"Home\",\"item\":\"https:\\\/\\\/www.nadiodelai.it\\\/nd2024\\\/\"},{\"@type\":\"ListItem\",\"position\":2,\"name\":\"Rispondere alle attese della terza et\u00e0 vitale in Europa\\\/2003\"}]},{\"@type\":\"WebSite\",\"@id\":\"https:\\\/\\\/www.nadiodelai.it\\\/nd2024\\\/#website\",\"url\":\"https:\\\/\\\/www.nadiodelai.it\\\/nd2024\\\/\",\"name\":\"Nadio Delai\",\"description\":\"Pubblicazioni di economia\",\"publisher\":{\"@id\":\"https:\\\/\\\/www.nadiodelai.it\\\/nd2024\\\/#organization\"},\"potentialAction\":[{\"@type\":\"SearchAction\",\"target\":{\"@type\":\"EntryPoint\",\"urlTemplate\":\"https:\\\/\\\/www.nadiodelai.it\\\/nd2024\\\/?s={search_term_string}\"},\"query-input\":{\"@type\":\"PropertyValueSpecification\",\"valueRequired\":true,\"valueName\":\"search_term_string\"}}],\"inLanguage\":\"it-IT\"},{\"@type\":\"Organization\",\"@id\":\"https:\\\/\\\/www.nadiodelai.it\\\/nd2024\\\/#organization\",\"name\":\"Nadio Delai\",\"url\":\"https:\\\/\\\/www.nadiodelai.it\\\/nd2024\\\/\",\"logo\":{\"@type\":\"ImageObject\",\"inLanguage\":\"it-IT\",\"@id\":\"https:\\\/\\\/www.nadiodelai.it\\\/nd2024\\\/#\\\/schema\\\/logo\\\/image\\\/\",\"url\":\"https:\\\/\\\/www.nadiodelai.it\\\/nd2024\\\/wp-content\\\/uploads\\\/2022\\\/07\\\/logonadiodelai.jpg\",\"contentUrl\":\"https:\\\/\\\/www.nadiodelai.it\\\/nd2024\\\/wp-content\\\/uploads\\\/2022\\\/07\\\/logonadiodelai.jpg\",\"width\":283,\"height\":59,\"caption\":\"Nadio Delai\"},\"image\":{\"@id\":\"https:\\\/\\\/www.nadiodelai.it\\\/nd2024\\\/#\\\/schema\\\/logo\\\/image\\\/\"}},{\"@type\":\"Person\",\"@id\":\"https:\\\/\\\/www.nadiodelai.it\\\/nd2024\\\/#\\\/schema\\\/person\\\/01faa8efddc8a7a695d55a25702d0a31\",\"name\":\"mikinadiodelai\",\"image\":{\"@type\":\"ImageObject\",\"inLanguage\":\"it-IT\",\"@id\":\"https:\\\/\\\/secure.gravatar.com\\\/avatar\\\/6c91c98616ba911912872989bdffe1477f5a0b877fcf4d4fdf15dd16ef32064a?s=96&d=mm&r=g\",\"url\":\"https:\\\/\\\/secure.gravatar.com\\\/avatar\\\/6c91c98616ba911912872989bdffe1477f5a0b877fcf4d4fdf15dd16ef32064a?s=96&d=mm&r=g\",\"contentUrl\":\"https:\\\/\\\/secure.gravatar.com\\\/avatar\\\/6c91c98616ba911912872989bdffe1477f5a0b877fcf4d4fdf15dd16ef32064a?s=96&d=mm&r=g\",\"caption\":\"mikinadiodelai\"},\"sameAs\":[\"https:\\\/\\\/www.nadiodelai.it\\\/nd2024\"],\"url\":\"https:\\\/\\\/www.nadiodelai.it\\\/nd2024\\\/author\\\/mikinadiodelai\\\/\"}]}<\/script>\n<!-- \/ Yoast SEO plugin. -->","yoast_head_json":{"title":"Rispondere alle attese della terza et\u00e0 vitale in Europa\/2003 - Nadio Delai","description":"Ristabilire una visione equilibrata del mondo anziano non rappresenta un\u2019esigenza solo italiana, ma investe l\u2019intera Europa.","robots":{"index":"index","follow":"follow","max-snippet":"max-snippet:-1","max-image-preview":"max-image-preview:large","max-video-preview":"max-video-preview:-1"},"canonical":"https:\/\/www.nadiodelai.it\/nd2024\/rispondere-alle-attese-della-terza-eta-vitale-in-europa-2003\/","og_locale":"it_IT","og_type":"article","og_title":"Rispondere alle attese della terza et\u00e0 vitale in Europa\/2003 - Nadio Delai","og_description":"Ristabilire una visione equilibrata del mondo anziano non rappresenta un\u2019esigenza solo italiana, ma investe l\u2019intera Europa.","og_url":"https:\/\/www.nadiodelai.it\/nd2024\/rispondere-alle-attese-della-terza-eta-vitale-in-europa-2003\/","og_site_name":"Nadio Delai","article_published_time":"2022-11-03T12:52:56+00:00","og_image":[{"width":250,"height":292,"url":"https:\/\/www.nadiodelai.it\/nd2024\/wp-content\/uploads\/2022\/11\/rispondere-attese-terza-eta-vitale-europa-2003.jpg","type":"image\/jpeg"}],"author":"mikinadiodelai","twitter_card":"summary_large_image","twitter_misc":{"Scritto da":"mikinadiodelai","Tempo di lettura stimato":"2 minuti"},"schema":{"@context":"https:\/\/schema.org","@graph":[{"@type":"Article","@id":"https:\/\/www.nadiodelai.it\/nd2024\/rispondere-alle-attese-della-terza-eta-vitale-in-europa-2003\/#article","isPartOf":{"@id":"https:\/\/www.nadiodelai.it\/nd2024\/rispondere-alle-attese-della-terza-eta-vitale-in-europa-2003\/"},"author":{"name":"mikinadiodelai","@id":"https:\/\/www.nadiodelai.it\/nd2024\/#\/schema\/person\/01faa8efddc8a7a695d55a25702d0a31"},"headline":"Rispondere alle attese della terza et\u00e0 vitale in Europa\/2003","datePublished":"2022-11-03T12:52:56+00:00","mainEntityOfPage":{"@id":"https:\/\/www.nadiodelai.it\/nd2024\/rispondere-alle-attese-della-terza-eta-vitale-in-europa-2003\/"},"wordCount":225,"commentCount":0,"publisher":{"@id":"https:\/\/www.nadiodelai.it\/nd2024\/#organization"},"image":{"@id":"https:\/\/www.nadiodelai.it\/nd2024\/rispondere-alle-attese-della-terza-eta-vitale-in-europa-2003\/#primaryimage"},"thumbnailUrl":"https:\/\/www.nadiodelai.it\/nd2024\/wp-content\/uploads\/2022\/11\/rispondere-attese-terza-eta-vitale-europa-2003.jpg","keywords":["Rispondere alle attese della terza et\u00e0 vitale in Europa\/2003"],"articleSection":["Rapporti Monografici sugli Anziani Vitali"],"inLanguage":"it-IT","potentialAction":[{"@type":"CommentAction","name":"Comment","target":["https:\/\/www.nadiodelai.it\/nd2024\/rispondere-alle-attese-della-terza-eta-vitale-in-europa-2003\/#respond"]}]},{"@type":"WebPage","@id":"https:\/\/www.nadiodelai.it\/nd2024\/rispondere-alle-attese-della-terza-eta-vitale-in-europa-2003\/","url":"https:\/\/www.nadiodelai.it\/nd2024\/rispondere-alle-attese-della-terza-eta-vitale-in-europa-2003\/","name":"Rispondere alle attese della terza et\u00e0 vitale in Europa\/2003 - Nadio Delai","isPartOf":{"@id":"https:\/\/www.nadiodelai.it\/nd2024\/#website"},"primaryImageOfPage":{"@id":"https:\/\/www.nadiodelai.it\/nd2024\/rispondere-alle-attese-della-terza-eta-vitale-in-europa-2003\/#primaryimage"},"image":{"@id":"https:\/\/www.nadiodelai.it\/nd2024\/rispondere-alle-attese-della-terza-eta-vitale-in-europa-2003\/#primaryimage"},"thumbnailUrl":"https:\/\/www.nadiodelai.it\/nd2024\/wp-content\/uploads\/2022\/11\/rispondere-attese-terza-eta-vitale-europa-2003.jpg","datePublished":"2022-11-03T12:52:56+00:00","description":"Ristabilire una visione equilibrata del mondo anziano non rappresenta un\u2019esigenza solo italiana, ma investe l\u2019intera Europa.","breadcrumb":{"@id":"https:\/\/www.nadiodelai.it\/nd2024\/rispondere-alle-attese-della-terza-eta-vitale-in-europa-2003\/#breadcrumb"},"inLanguage":"it-IT","potentialAction":[{"@type":"ReadAction","target":["https:\/\/www.nadiodelai.it\/nd2024\/rispondere-alle-attese-della-terza-eta-vitale-in-europa-2003\/"]}]},{"@type":"ImageObject","inLanguage":"it-IT","@id":"https:\/\/www.nadiodelai.it\/nd2024\/rispondere-alle-attese-della-terza-eta-vitale-in-europa-2003\/#primaryimage","url":"https:\/\/www.nadiodelai.it\/nd2024\/wp-content\/uploads\/2022\/11\/rispondere-attese-terza-eta-vitale-europa-2003.jpg","contentUrl":"https:\/\/www.nadiodelai.it\/nd2024\/wp-content\/uploads\/2022\/11\/rispondere-attese-terza-eta-vitale-europa-2003.jpg","width":250,"height":292,"caption":"Rispondere alle attese della terza et\u00e0 vitale in Europa\/2003"},{"@type":"BreadcrumbList","@id":"https:\/\/www.nadiodelai.it\/nd2024\/rispondere-alle-attese-della-terza-eta-vitale-in-europa-2003\/#breadcrumb","itemListElement":[{"@type":"ListItem","position":1,"name":"Home","item":"https:\/\/www.nadiodelai.it\/nd2024\/"},{"@type":"ListItem","position":2,"name":"Rispondere alle attese della terza et\u00e0 vitale in Europa\/2003"}]},{"@type":"WebSite","@id":"https:\/\/www.nadiodelai.it\/nd2024\/#website","url":"https:\/\/www.nadiodelai.it\/nd2024\/","name":"Nadio Delai","description":"Pubblicazioni di economia","publisher":{"@id":"https:\/\/www.nadiodelai.it\/nd2024\/#organization"},"potentialAction":[{"@type":"SearchAction","target":{"@type":"EntryPoint","urlTemplate":"https:\/\/www.nadiodelai.it\/nd2024\/?s={search_term_string}"},"query-input":{"@type":"PropertyValueSpecification","valueRequired":true,"valueName":"search_term_string"}}],"inLanguage":"it-IT"},{"@type":"Organization","@id":"https:\/\/www.nadiodelai.it\/nd2024\/#organization","name":"Nadio Delai","url":"https:\/\/www.nadiodelai.it\/nd2024\/","logo":{"@type":"ImageObject","inLanguage":"it-IT","@id":"https:\/\/www.nadiodelai.it\/nd2024\/#\/schema\/logo\/image\/","url":"https:\/\/www.nadiodelai.it\/nd2024\/wp-content\/uploads\/2022\/07\/logonadiodelai.jpg","contentUrl":"https:\/\/www.nadiodelai.it\/nd2024\/wp-content\/uploads\/2022\/07\/logonadiodelai.jpg","width":283,"height":59,"caption":"Nadio Delai"},"image":{"@id":"https:\/\/www.nadiodelai.it\/nd2024\/#\/schema\/logo\/image\/"}},{"@type":"Person","@id":"https:\/\/www.nadiodelai.it\/nd2024\/#\/schema\/person\/01faa8efddc8a7a695d55a25702d0a31","name":"mikinadiodelai","image":{"@type":"ImageObject","inLanguage":"it-IT","@id":"https:\/\/secure.gravatar.com\/avatar\/6c91c98616ba911912872989bdffe1477f5a0b877fcf4d4fdf15dd16ef32064a?s=96&d=mm&r=g","url":"https:\/\/secure.gravatar.com\/avatar\/6c91c98616ba911912872989bdffe1477f5a0b877fcf4d4fdf15dd16ef32064a?s=96&d=mm&r=g","contentUrl":"https:\/\/secure.gravatar.com\/avatar\/6c91c98616ba911912872989bdffe1477f5a0b877fcf4d4fdf15dd16ef32064a?s=96&d=mm&r=g","caption":"mikinadiodelai"},"sameAs":["https:\/\/www.nadiodelai.it\/nd2024"],"url":"https:\/\/www.nadiodelai.it\/nd2024\/author\/mikinadiodelai\/"}]}},"jetpack_sharing_enabled":true,"jetpack_featured_media_url":"https:\/\/www.nadiodelai.it\/nd2024\/wp-content\/uploads\/2022\/11\/rispondere-attese-terza-eta-vitale-europa-2003.jpg","_links":{"self":[{"href":"https:\/\/www.nadiodelai.it\/nd2024\/wp-json\/wp\/v2\/posts\/1357","targetHints":{"allow":["GET"]}}],"collection":[{"href":"https:\/\/www.nadiodelai.it\/nd2024\/wp-json\/wp\/v2\/posts"}],"about":[{"href":"https:\/\/www.nadiodelai.it\/nd2024\/wp-json\/wp\/v2\/types\/post"}],"author":[{"embeddable":true,"href":"https:\/\/www.nadiodelai.it\/nd2024\/wp-json\/wp\/v2\/users\/1"}],"replies":[{"embeddable":true,"href":"https:\/\/www.nadiodelai.it\/nd2024\/wp-json\/wp\/v2\/comments?post=1357"}],"version-history":[{"count":0,"href":"https:\/\/www.nadiodelai.it\/nd2024\/wp-json\/wp\/v2\/posts\/1357\/revisions"}],"wp:featuredmedia":[{"embeddable":true,"href":"https:\/\/www.nadiodelai.it\/nd2024\/wp-json\/wp\/v2\/media\/1358"}],"wp:attachment":[{"href":"https:\/\/www.nadiodelai.it\/nd2024\/wp-json\/wp\/v2\/media?parent=1357"}],"wp:term":[{"taxonomy":"category","embeddable":true,"href":"https:\/\/www.nadiodelai.it\/nd2024\/wp-json\/wp\/v2\/categories?post=1357"},{"taxonomy":"post_tag","embeddable":true,"href":"https:\/\/www.nadiodelai.it\/nd2024\/wp-json\/wp\/v2\/tags?post=1357"}],"curies":[{"name":"wp","href":"https:\/\/api.w.org\/{rel}","templated":true}]}}