{"id":1363,"date":"2022-11-03T13:58:50","date_gmt":"2022-11-03T12:58:50","guid":{"rendered":"https:\/\/www.nadiodelai.it\/nd2024\/?p=1363"},"modified":"2022-11-03T13:58:50","modified_gmt":"2022-11-03T12:58:50","slug":"una-strategia-compiuta-per-le-generazioni-1998","status":"publish","type":"post","link":"https:\/\/www.nadiodelai.it\/nd2024\/una-strategia-compiuta-per-le-generazioni-1998\/","title":{"rendered":"Una strategia compiuta per le generazioni\/1998"},"content":{"rendered":"<p style=\"text-align: justify;\">Il mondo della terza et\u00e0 non sta crescendo solo per importanza, per dimensione e per peso oggettivo nella composizione della societ\u00e0 di oggi. Vi sono aspetti di natura qualitativa legati ai bisogni, alle aspettative e alle esigenze di partecipazione degli anziani che non \u00e8 obiettivamente facile leggere ed interpretare.<br \/>\nTutto questo ha indotto 50&amp;Pi\u00f9 Fenacom a realizzare un Rapporto di ricerca articolato su cinque ambiti fondamentali:<br \/>\n1. la presenza della componente anziana nell\u2019organizzazione sociale, con particolare attenzione all\u2019adeguatezza del suo ruolo e al rapporto tra le generazioni;<br \/>\n2. l\u2019evoluzione quantitativa della condizione anziana in Italia e in Europa e la previsione dei futuri andamenti per i prossimi 10-20 anni;<br \/>\n3. la complessit\u00e0 del mondo anziano: dai redditi ai consumi, dal risparmio agli investimenti, dalla salute al tempo libero, dal turismo all\u2019abitazione, dal lavoro alla partecipazione sociale, dalla famiglia ai valori;<br \/>\n4. le debolezze da sostenere in termini di povert\u00e0 materiali, di nuove povert\u00e0 (in particolare le solitudini) e di stato dei non-autosufficienti;<br \/>\n5. le politiche in grado di rispondere alla necessit\u00e0 dell\u2019oggi, ma pi\u00f9 ancora a ci\u00f2 che riserver\u00e0 il futuro.<br \/>\nSi tratta di un passo importante che potr\u00e0 dare alla terza et\u00e0 maggiore consapevolezza della propria situazione, a 50&amp;Pi\u00f9 Fenacom un prezioso supporto per la propria funzione di rappresentanza e di servizio, al soggetto pubblico uno stimolo per qualificare le proprie politiche e alla realt\u00e0 sociale una buona occasione per riconoscere il significato e il ruolo crescente della terza et\u00e0.<br \/>\n\u00c8 infine opportuno sottolineare che la ricerca rientra nelle iniziative che 50&amp;Pi\u00f9 Fenacom sta realizzando in vista dell\u2019Anno Internazionale dell\u2019Anziano proclamato dall\u2019Onu per il 1999.<\/p>\n","protected":false},"excerpt":{"rendered":"<p>Il mondo della terza et\u00e0 non sta crescendo solo per importanza, per dimensione e per peso oggettivo nella composizione della societ\u00e0 di oggi. Vi sono aspetti di natura qualitativa legati ai bisogni, alle aspettative e alle esigenze di partecipazione degli anziani che non \u00e8 obiettivamente facile leggere ed interpretare. Tutto questo ha indotto 50&amp;Pi\u00f9 Fenacom [&hellip;]<\/p>\n","protected":false},"author":1,"featured_media":1364,"comment_status":"open","ping_status":"open","sticky":false,"template":"","format":"standard","meta":{"_acf_changed":false,"ngg_post_thumbnail":0,"_jetpack_newsletter_access":"","_jetpack_dont_email_post_to_subs":false,"_jetpack_newsletter_tier_id":0,"_jetpack_memberships_contains_paywalled_content":false,"_jetpack_feature_clip_id":0,"_jetpack_memberships_contains_paid_content":false,"footnotes":"","jetpack_post_was_ever_published":false},"categories":[10],"tags":[152],"class_list":["post-1363","post","type-post","status-publish","format-standard","has-post-thumbnail","hentry","category-rapporti-monografici-sugli-anziani-vitali","tag-una-strategia-compiuta-per-le-generazioni-1998"],"acf":[],"yoast_head":"<!-- This site is optimized with the Yoast SEO plugin v28.3 - https:\/\/yoast.com\/product\/yoast-seo-wordpress\/ -->\n<title>Una strategia compiuta per le generazioni\/1998 - Nadio Delai<\/title>\n<meta name=\"description\" content=\"Il mondo della terza et\u00e0 non sta crescendo solo per importanza, per dimensione e per peso oggettivo nella composizione della societ\u00e0 di oggi.\" \/>\n<meta name=\"robots\" content=\"index, follow, max-snippet:-1, max-image-preview:large, max-video-preview:-1\" \/>\n<link rel=\"canonical\" href=\"https:\/\/www.nadiodelai.it\/nd2024\/una-strategia-compiuta-per-le-generazioni-1998\/\" \/>\n<meta property=\"og:locale\" content=\"it_IT\" \/>\n<meta property=\"og:type\" content=\"article\" \/>\n<meta property=\"og:title\" content=\"Una strategia compiuta per le generazioni\/1998 - Nadio Delai\" \/>\n<meta property=\"og:description\" content=\"Il mondo della terza et\u00e0 non sta crescendo solo per importanza, per dimensione e per peso oggettivo nella composizione della societ\u00e0 di oggi.\" \/>\n<meta property=\"og:url\" content=\"https:\/\/www.nadiodelai.it\/nd2024\/una-strategia-compiuta-per-le-generazioni-1998\/\" \/>\n<meta property=\"og:site_name\" content=\"Nadio Delai\" \/>\n<meta property=\"article:published_time\" content=\"2022-11-03T12:58:50+00:00\" \/>\n<meta property=\"og:image\" content=\"https:\/\/www.nadiodelai.it\/nd2024\/wp-content\/uploads\/2022\/11\/una-strategia-compiuta-generazioni-1998.jpg\" \/>\n\t<meta property=\"og:image:width\" content=\"250\" \/>\n\t<meta property=\"og:image:height\" content=\"319\" \/>\n\t<meta property=\"og:image:type\" content=\"image\/jpeg\" \/>\n<meta name=\"author\" content=\"mikinadiodelai\" \/>\n<meta name=\"twitter:card\" content=\"summary_large_image\" \/>\n<meta name=\"twitter:label1\" content=\"Scritto da\" \/>\n\t<meta name=\"twitter:data1\" content=\"mikinadiodelai\" \/>\n\t<meta name=\"twitter:label2\" content=\"Tempo di lettura stimato\" \/>\n\t<meta name=\"twitter:data2\" content=\"2 minuti\" \/>\n<script type=\"application\/ld+json\" class=\"yoast-schema-graph\">{\"@context\":\"https:\\\/\\\/schema.org\",\"@graph\":[{\"@type\":\"Article\",\"@id\":\"https:\\\/\\\/www.nadiodelai.it\\\/nd2024\\\/una-strategia-compiuta-per-le-generazioni-1998\\\/#article\",\"isPartOf\":{\"@id\":\"https:\\\/\\\/www.nadiodelai.it\\\/nd2024\\\/una-strategia-compiuta-per-le-generazioni-1998\\\/\"},\"author\":{\"name\":\"mikinadiodelai\",\"@id\":\"https:\\\/\\\/www.nadiodelai.it\\\/nd2024\\\/#\\\/schema\\\/person\\\/01faa8efddc8a7a695d55a25702d0a31\"},\"headline\":\"Una strategia compiuta per le generazioni\\\/1998\",\"datePublished\":\"2022-11-03T12:58:50+00:00\",\"mainEntityOfPage\":{\"@id\":\"https:\\\/\\\/www.nadiodelai.it\\\/nd2024\\\/una-strategia-compiuta-per-le-generazioni-1998\\\/\"},\"wordCount\":275,\"commentCount\":0,\"publisher\":{\"@id\":\"https:\\\/\\\/www.nadiodelai.it\\\/nd2024\\\/#organization\"},\"image\":{\"@id\":\"https:\\\/\\\/www.nadiodelai.it\\\/nd2024\\\/una-strategia-compiuta-per-le-generazioni-1998\\\/#primaryimage\"},\"thumbnailUrl\":\"https:\\\/\\\/www.nadiodelai.it\\\/nd2024\\\/wp-content\\\/uploads\\\/2022\\\/11\\\/una-strategia-compiuta-generazioni-1998.jpg\",\"keywords\":[\"Una strategia compiuta per le generazioni\\\/1998\"],\"articleSection\":[\"Rapporti Monografici sugli Anziani Vitali\"],\"inLanguage\":\"it-IT\",\"potentialAction\":[{\"@type\":\"CommentAction\",\"name\":\"Comment\",\"target\":[\"https:\\\/\\\/www.nadiodelai.it\\\/nd2024\\\/una-strategia-compiuta-per-le-generazioni-1998\\\/#respond\"]}]},{\"@type\":\"WebPage\",\"@id\":\"https:\\\/\\\/www.nadiodelai.it\\\/nd2024\\\/una-strategia-compiuta-per-le-generazioni-1998\\\/\",\"url\":\"https:\\\/\\\/www.nadiodelai.it\\\/nd2024\\\/una-strategia-compiuta-per-le-generazioni-1998\\\/\",\"name\":\"Una strategia compiuta per le generazioni\\\/1998 - Nadio Delai\",\"isPartOf\":{\"@id\":\"https:\\\/\\\/www.nadiodelai.it\\\/nd2024\\\/#website\"},\"primaryImageOfPage\":{\"@id\":\"https:\\\/\\\/www.nadiodelai.it\\\/nd2024\\\/una-strategia-compiuta-per-le-generazioni-1998\\\/#primaryimage\"},\"image\":{\"@id\":\"https:\\\/\\\/www.nadiodelai.it\\\/nd2024\\\/una-strategia-compiuta-per-le-generazioni-1998\\\/#primaryimage\"},\"thumbnailUrl\":\"https:\\\/\\\/www.nadiodelai.it\\\/nd2024\\\/wp-content\\\/uploads\\\/2022\\\/11\\\/una-strategia-compiuta-generazioni-1998.jpg\",\"datePublished\":\"2022-11-03T12:58:50+00:00\",\"description\":\"Il mondo della terza et\u00e0 non sta crescendo solo per importanza, per dimensione e per peso oggettivo nella composizione della societ\u00e0 di oggi.\",\"breadcrumb\":{\"@id\":\"https:\\\/\\\/www.nadiodelai.it\\\/nd2024\\\/una-strategia-compiuta-per-le-generazioni-1998\\\/#breadcrumb\"},\"inLanguage\":\"it-IT\",\"potentialAction\":[{\"@type\":\"ReadAction\",\"target\":[\"https:\\\/\\\/www.nadiodelai.it\\\/nd2024\\\/una-strategia-compiuta-per-le-generazioni-1998\\\/\"]}]},{\"@type\":\"ImageObject\",\"inLanguage\":\"it-IT\",\"@id\":\"https:\\\/\\\/www.nadiodelai.it\\\/nd2024\\\/una-strategia-compiuta-per-le-generazioni-1998\\\/#primaryimage\",\"url\":\"https:\\\/\\\/www.nadiodelai.it\\\/nd2024\\\/wp-content\\\/uploads\\\/2022\\\/11\\\/una-strategia-compiuta-generazioni-1998.jpg\",\"contentUrl\":\"https:\\\/\\\/www.nadiodelai.it\\\/nd2024\\\/wp-content\\\/uploads\\\/2022\\\/11\\\/una-strategia-compiuta-generazioni-1998.jpg\",\"width\":250,\"height\":319,\"caption\":\"Una strategia compiuta per le generazioni\\\/1998\"},{\"@type\":\"BreadcrumbList\",\"@id\":\"https:\\\/\\\/www.nadiodelai.it\\\/nd2024\\\/una-strategia-compiuta-per-le-generazioni-1998\\\/#breadcrumb\",\"itemListElement\":[{\"@type\":\"ListItem\",\"position\":1,\"name\":\"Home\",\"item\":\"https:\\\/\\\/www.nadiodelai.it\\\/nd2024\\\/\"},{\"@type\":\"ListItem\",\"position\":2,\"name\":\"Una strategia compiuta per le generazioni\\\/1998\"}]},{\"@type\":\"WebSite\",\"@id\":\"https:\\\/\\\/www.nadiodelai.it\\\/nd2024\\\/#website\",\"url\":\"https:\\\/\\\/www.nadiodelai.it\\\/nd2024\\\/\",\"name\":\"Nadio Delai\",\"description\":\"Pubblicazioni di economia\",\"publisher\":{\"@id\":\"https:\\\/\\\/www.nadiodelai.it\\\/nd2024\\\/#organization\"},\"potentialAction\":[{\"@type\":\"SearchAction\",\"target\":{\"@type\":\"EntryPoint\",\"urlTemplate\":\"https:\\\/\\\/www.nadiodelai.it\\\/nd2024\\\/?s={search_term_string}\"},\"query-input\":{\"@type\":\"PropertyValueSpecification\",\"valueRequired\":true,\"valueName\":\"search_term_string\"}}],\"inLanguage\":\"it-IT\"},{\"@type\":\"Organization\",\"@id\":\"https:\\\/\\\/www.nadiodelai.it\\\/nd2024\\\/#organization\",\"name\":\"Nadio Delai\",\"url\":\"https:\\\/\\\/www.nadiodelai.it\\\/nd2024\\\/\",\"logo\":{\"@type\":\"ImageObject\",\"inLanguage\":\"it-IT\",\"@id\":\"https:\\\/\\\/www.nadiodelai.it\\\/nd2024\\\/#\\\/schema\\\/logo\\\/image\\\/\",\"url\":\"https:\\\/\\\/www.nadiodelai.it\\\/nd2024\\\/wp-content\\\/uploads\\\/2022\\\/07\\\/logonadiodelai.jpg\",\"contentUrl\":\"https:\\\/\\\/www.nadiodelai.it\\\/nd2024\\\/wp-content\\\/uploads\\\/2022\\\/07\\\/logonadiodelai.jpg\",\"width\":283,\"height\":59,\"caption\":\"Nadio Delai\"},\"image\":{\"@id\":\"https:\\\/\\\/www.nadiodelai.it\\\/nd2024\\\/#\\\/schema\\\/logo\\\/image\\\/\"}},{\"@type\":\"Person\",\"@id\":\"https:\\\/\\\/www.nadiodelai.it\\\/nd2024\\\/#\\\/schema\\\/person\\\/01faa8efddc8a7a695d55a25702d0a31\",\"name\":\"mikinadiodelai\",\"image\":{\"@type\":\"ImageObject\",\"inLanguage\":\"it-IT\",\"@id\":\"https:\\\/\\\/secure.gravatar.com\\\/avatar\\\/6c91c98616ba911912872989bdffe1477f5a0b877fcf4d4fdf15dd16ef32064a?s=96&d=mm&r=g\",\"url\":\"https:\\\/\\\/secure.gravatar.com\\\/avatar\\\/6c91c98616ba911912872989bdffe1477f5a0b877fcf4d4fdf15dd16ef32064a?s=96&d=mm&r=g\",\"contentUrl\":\"https:\\\/\\\/secure.gravatar.com\\\/avatar\\\/6c91c98616ba911912872989bdffe1477f5a0b877fcf4d4fdf15dd16ef32064a?s=96&d=mm&r=g\",\"caption\":\"mikinadiodelai\"},\"sameAs\":[\"https:\\\/\\\/www.nadiodelai.it\\\/nd2024\"],\"url\":\"https:\\\/\\\/www.nadiodelai.it\\\/nd2024\\\/author\\\/mikinadiodelai\\\/\"}]}<\/script>\n<!-- \/ Yoast SEO plugin. -->","yoast_head_json":{"title":"Una strategia compiuta per le generazioni\/1998 - Nadio Delai","description":"Il mondo della terza et\u00e0 non sta crescendo solo per importanza, per dimensione e per peso oggettivo nella composizione della societ\u00e0 di oggi.","robots":{"index":"index","follow":"follow","max-snippet":"max-snippet:-1","max-image-preview":"max-image-preview:large","max-video-preview":"max-video-preview:-1"},"canonical":"https:\/\/www.nadiodelai.it\/nd2024\/una-strategia-compiuta-per-le-generazioni-1998\/","og_locale":"it_IT","og_type":"article","og_title":"Una strategia compiuta per le generazioni\/1998 - Nadio Delai","og_description":"Il mondo della terza et\u00e0 non sta crescendo solo per importanza, per dimensione e per peso oggettivo nella composizione della societ\u00e0 di oggi.","og_url":"https:\/\/www.nadiodelai.it\/nd2024\/una-strategia-compiuta-per-le-generazioni-1998\/","og_site_name":"Nadio Delai","article_published_time":"2022-11-03T12:58:50+00:00","og_image":[{"width":250,"height":319,"url":"https:\/\/www.nadiodelai.it\/nd2024\/wp-content\/uploads\/2022\/11\/una-strategia-compiuta-generazioni-1998.jpg","type":"image\/jpeg"}],"author":"mikinadiodelai","twitter_card":"summary_large_image","twitter_misc":{"Scritto da":"mikinadiodelai","Tempo di lettura stimato":"2 minuti"},"schema":{"@context":"https:\/\/schema.org","@graph":[{"@type":"Article","@id":"https:\/\/www.nadiodelai.it\/nd2024\/una-strategia-compiuta-per-le-generazioni-1998\/#article","isPartOf":{"@id":"https:\/\/www.nadiodelai.it\/nd2024\/una-strategia-compiuta-per-le-generazioni-1998\/"},"author":{"name":"mikinadiodelai","@id":"https:\/\/www.nadiodelai.it\/nd2024\/#\/schema\/person\/01faa8efddc8a7a695d55a25702d0a31"},"headline":"Una strategia compiuta per le generazioni\/1998","datePublished":"2022-11-03T12:58:50+00:00","mainEntityOfPage":{"@id":"https:\/\/www.nadiodelai.it\/nd2024\/una-strategia-compiuta-per-le-generazioni-1998\/"},"wordCount":275,"commentCount":0,"publisher":{"@id":"https:\/\/www.nadiodelai.it\/nd2024\/#organization"},"image":{"@id":"https:\/\/www.nadiodelai.it\/nd2024\/una-strategia-compiuta-per-le-generazioni-1998\/#primaryimage"},"thumbnailUrl":"https:\/\/www.nadiodelai.it\/nd2024\/wp-content\/uploads\/2022\/11\/una-strategia-compiuta-generazioni-1998.jpg","keywords":["Una strategia compiuta per le generazioni\/1998"],"articleSection":["Rapporti Monografici sugli Anziani Vitali"],"inLanguage":"it-IT","potentialAction":[{"@type":"CommentAction","name":"Comment","target":["https:\/\/www.nadiodelai.it\/nd2024\/una-strategia-compiuta-per-le-generazioni-1998\/#respond"]}]},{"@type":"WebPage","@id":"https:\/\/www.nadiodelai.it\/nd2024\/una-strategia-compiuta-per-le-generazioni-1998\/","url":"https:\/\/www.nadiodelai.it\/nd2024\/una-strategia-compiuta-per-le-generazioni-1998\/","name":"Una strategia compiuta per le generazioni\/1998 - Nadio Delai","isPartOf":{"@id":"https:\/\/www.nadiodelai.it\/nd2024\/#website"},"primaryImageOfPage":{"@id":"https:\/\/www.nadiodelai.it\/nd2024\/una-strategia-compiuta-per-le-generazioni-1998\/#primaryimage"},"image":{"@id":"https:\/\/www.nadiodelai.it\/nd2024\/una-strategia-compiuta-per-le-generazioni-1998\/#primaryimage"},"thumbnailUrl":"https:\/\/www.nadiodelai.it\/nd2024\/wp-content\/uploads\/2022\/11\/una-strategia-compiuta-generazioni-1998.jpg","datePublished":"2022-11-03T12:58:50+00:00","description":"Il mondo della terza et\u00e0 non sta crescendo solo per importanza, per dimensione e per peso oggettivo nella composizione della societ\u00e0 di oggi.","breadcrumb":{"@id":"https:\/\/www.nadiodelai.it\/nd2024\/una-strategia-compiuta-per-le-generazioni-1998\/#breadcrumb"},"inLanguage":"it-IT","potentialAction":[{"@type":"ReadAction","target":["https:\/\/www.nadiodelai.it\/nd2024\/una-strategia-compiuta-per-le-generazioni-1998\/"]}]},{"@type":"ImageObject","inLanguage":"it-IT","@id":"https:\/\/www.nadiodelai.it\/nd2024\/una-strategia-compiuta-per-le-generazioni-1998\/#primaryimage","url":"https:\/\/www.nadiodelai.it\/nd2024\/wp-content\/uploads\/2022\/11\/una-strategia-compiuta-generazioni-1998.jpg","contentUrl":"https:\/\/www.nadiodelai.it\/nd2024\/wp-content\/uploads\/2022\/11\/una-strategia-compiuta-generazioni-1998.jpg","width":250,"height":319,"caption":"Una strategia compiuta per le generazioni\/1998"},{"@type":"BreadcrumbList","@id":"https:\/\/www.nadiodelai.it\/nd2024\/una-strategia-compiuta-per-le-generazioni-1998\/#breadcrumb","itemListElement":[{"@type":"ListItem","position":1,"name":"Home","item":"https:\/\/www.nadiodelai.it\/nd2024\/"},{"@type":"ListItem","position":2,"name":"Una strategia compiuta per le generazioni\/1998"}]},{"@type":"WebSite","@id":"https:\/\/www.nadiodelai.it\/nd2024\/#website","url":"https:\/\/www.nadiodelai.it\/nd2024\/","name":"Nadio Delai","description":"Pubblicazioni di economia","publisher":{"@id":"https:\/\/www.nadiodelai.it\/nd2024\/#organization"},"potentialAction":[{"@type":"SearchAction","target":{"@type":"EntryPoint","urlTemplate":"https:\/\/www.nadiodelai.it\/nd2024\/?s={search_term_string}"},"query-input":{"@type":"PropertyValueSpecification","valueRequired":true,"valueName":"search_term_string"}}],"inLanguage":"it-IT"},{"@type":"Organization","@id":"https:\/\/www.nadiodelai.it\/nd2024\/#organization","name":"Nadio Delai","url":"https:\/\/www.nadiodelai.it\/nd2024\/","logo":{"@type":"ImageObject","inLanguage":"it-IT","@id":"https:\/\/www.nadiodelai.it\/nd2024\/#\/schema\/logo\/image\/","url":"https:\/\/www.nadiodelai.it\/nd2024\/wp-content\/uploads\/2022\/07\/logonadiodelai.jpg","contentUrl":"https:\/\/www.nadiodelai.it\/nd2024\/wp-content\/uploads\/2022\/07\/logonadiodelai.jpg","width":283,"height":59,"caption":"Nadio Delai"},"image":{"@id":"https:\/\/www.nadiodelai.it\/nd2024\/#\/schema\/logo\/image\/"}},{"@type":"Person","@id":"https:\/\/www.nadiodelai.it\/nd2024\/#\/schema\/person\/01faa8efddc8a7a695d55a25702d0a31","name":"mikinadiodelai","image":{"@type":"ImageObject","inLanguage":"it-IT","@id":"https:\/\/secure.gravatar.com\/avatar\/6c91c98616ba911912872989bdffe1477f5a0b877fcf4d4fdf15dd16ef32064a?s=96&d=mm&r=g","url":"https:\/\/secure.gravatar.com\/avatar\/6c91c98616ba911912872989bdffe1477f5a0b877fcf4d4fdf15dd16ef32064a?s=96&d=mm&r=g","contentUrl":"https:\/\/secure.gravatar.com\/avatar\/6c91c98616ba911912872989bdffe1477f5a0b877fcf4d4fdf15dd16ef32064a?s=96&d=mm&r=g","caption":"mikinadiodelai"},"sameAs":["https:\/\/www.nadiodelai.it\/nd2024"],"url":"https:\/\/www.nadiodelai.it\/nd2024\/author\/mikinadiodelai\/"}]}},"jetpack_sharing_enabled":true,"jetpack_featured_media_url":"https:\/\/www.nadiodelai.it\/nd2024\/wp-content\/uploads\/2022\/11\/una-strategia-compiuta-generazioni-1998.jpg","_links":{"self":[{"href":"https:\/\/www.nadiodelai.it\/nd2024\/wp-json\/wp\/v2\/posts\/1363","targetHints":{"allow":["GET"]}}],"collection":[{"href":"https:\/\/www.nadiodelai.it\/nd2024\/wp-json\/wp\/v2\/posts"}],"about":[{"href":"https:\/\/www.nadiodelai.it\/nd2024\/wp-json\/wp\/v2\/types\/post"}],"author":[{"embeddable":true,"href":"https:\/\/www.nadiodelai.it\/nd2024\/wp-json\/wp\/v2\/users\/1"}],"replies":[{"embeddable":true,"href":"https:\/\/www.nadiodelai.it\/nd2024\/wp-json\/wp\/v2\/comments?post=1363"}],"version-history":[{"count":0,"href":"https:\/\/www.nadiodelai.it\/nd2024\/wp-json\/wp\/v2\/posts\/1363\/revisions"}],"wp:featuredmedia":[{"embeddable":true,"href":"https:\/\/www.nadiodelai.it\/nd2024\/wp-json\/wp\/v2\/media\/1364"}],"wp:attachment":[{"href":"https:\/\/www.nadiodelai.it\/nd2024\/wp-json\/wp\/v2\/media?parent=1363"}],"wp:term":[{"taxonomy":"category","embeddable":true,"href":"https:\/\/www.nadiodelai.it\/nd2024\/wp-json\/wp\/v2\/categories?post=1363"},{"taxonomy":"post_tag","embeddable":true,"href":"https:\/\/www.nadiodelai.it\/nd2024\/wp-json\/wp\/v2\/tags?post=1363"}],"curies":[{"name":"wp","href":"https:\/\/api.w.org\/{rel}","templated":true}]}}