{"id":1372,"date":"2022-11-03T14:06:44","date_gmt":"2022-11-03T13:06:44","guid":{"rendered":"https:\/\/www.nadiodelai.it\/nd2024\/?p=1372"},"modified":"2022-11-03T14:06:44","modified_gmt":"2022-11-03T13:06:44","slug":"la-responsabilita-di-diventare-un-anziano-attivo","status":"publish","type":"post","link":"https:\/\/www.nadiodelai.it\/nd2024\/la-responsabilita-di-diventare-un-anziano-attivo\/","title":{"rendered":"La responsabilit\u00e0 di diventare un anziano attivo"},"content":{"rendered":"<p>Rapporto predisposto per conto di 50&amp;Pi\u00f9 Associazione e diretto a registrare i comportamenti, gli orientamenti, le necessit\u00e0 e le politiche legate al prolungamento della vita attiva delle persone. Tale argomento era stato analizzato anche in una precedente indagine del 2008, ma oggi ci si pu\u00f2 (e ci si deve) riferire alle persone anche al di l\u00e0 dei 70 anni e non pi\u00f9 al di l\u00e0 dei 60 anni come si ragionava in precedenza. In concreto sono state prese in considerazione tre fasce di et\u00e0 e cio\u00e8 i 50-59enni, i 60-69enni e i 70enni e oltre. I risultati sono stati anche messi a confronto con analoghe indagini promosse a livello internazionale e con specifiche politiche, promosse da associazioni di anziani (e in particolare con quelle facenti capo ad AARP degli Stati Uniti), ispirate a sostenere una vita attiva prolungata del mondo maturo.<\/p>\n","protected":false},"excerpt":{"rendered":"<p>Rapporto predisposto per conto di 50&amp;Pi\u00f9 Associazione e diretto a registrare i comportamenti, gli orientamenti, le necessit\u00e0 e le politiche legate al prolungamento della vita attiva delle persone. Tale argomento era stato analizzato anche in una precedente indagine del 2008, ma oggi ci si pu\u00f2 (e ci si deve) riferire alle persone anche al di [&hellip;]<\/p>\n","protected":false},"author":1,"featured_media":1373,"comment_status":"open","ping_status":"open","sticky":false,"template":"","format":"standard","meta":{"_acf_changed":false,"ngg_post_thumbnail":0,"_jetpack_newsletter_access":"","_jetpack_dont_email_post_to_subs":false,"_jetpack_newsletter_tier_id":0,"_jetpack_memberships_contains_paywalled_content":false,"_jetpack_feature_clip_id":0,"_jetpack_memberships_contains_paid_content":false,"footnotes":"","jetpack_post_was_ever_published":false},"categories":[10],"tags":[154],"class_list":["post-1372","post","type-post","status-publish","format-standard","has-post-thumbnail","hentry","category-rapporti-monografici-sugli-anziani-vitali","tag-la-responsabilita-di-diventare-un-anziano-attivo"],"acf":[],"yoast_head":"<!-- This site is optimized with the Yoast SEO plugin v28.3 - https:\/\/yoast.com\/product\/yoast-seo-wordpress\/ -->\n<title>La responsabilit\u00e0 di diventare un anziano attivo - Nadio Delai<\/title>\n<meta name=\"description\" content=\"Rapporto predisposto per conto di 50&amp;Pi\u00f9 Associazione e diretto a registrare i comportamenti, gli orientamenti, le necessit\u00e0 e le politiche ...\" \/>\n<meta name=\"robots\" content=\"index, follow, max-snippet:-1, max-image-preview:large, max-video-preview:-1\" \/>\n<link rel=\"canonical\" href=\"https:\/\/www.nadiodelai.it\/nd2024\/la-responsabilita-di-diventare-un-anziano-attivo\/\" \/>\n<meta property=\"og:locale\" content=\"it_IT\" \/>\n<meta property=\"og:type\" content=\"article\" \/>\n<meta property=\"og:title\" content=\"La responsabilit\u00e0 di diventare un anziano attivo - Nadio Delai\" \/>\n<meta property=\"og:description\" content=\"Rapporto predisposto per conto di 50&amp;Pi\u00f9 Associazione e diretto a registrare i comportamenti, gli orientamenti, le necessit\u00e0 e le politiche ...\" \/>\n<meta property=\"og:url\" content=\"https:\/\/www.nadiodelai.it\/nd2024\/la-responsabilita-di-diventare-un-anziano-attivo\/\" \/>\n<meta property=\"og:site_name\" content=\"Nadio Delai\" \/>\n<meta property=\"article:published_time\" content=\"2022-11-03T13:06:44+00:00\" \/>\n<meta property=\"og:image\" content=\"https:\/\/www.nadiodelai.it\/nd2024\/wp-content\/uploads\/2022\/11\/responsibilta-diventare-anziano-attivo.jpg\" \/>\n\t<meta property=\"og:image:width\" content=\"250\" \/>\n\t<meta property=\"og:image:height\" content=\"353\" \/>\n\t<meta property=\"og:image:type\" content=\"image\/jpeg\" \/>\n<meta name=\"author\" content=\"mikinadiodelai\" \/>\n<meta name=\"twitter:card\" content=\"summary_large_image\" \/>\n<meta name=\"twitter:label1\" content=\"Scritto da\" \/>\n\t<meta name=\"twitter:data1\" content=\"mikinadiodelai\" \/>\n\t<meta name=\"twitter:label2\" content=\"Tempo di lettura stimato\" \/>\n\t<meta name=\"twitter:data2\" content=\"1 minuto\" \/>\n<script type=\"application\/ld+json\" class=\"yoast-schema-graph\">{\"@context\":\"https:\\\/\\\/schema.org\",\"@graph\":[{\"@type\":\"Article\",\"@id\":\"https:\\\/\\\/www.nadiodelai.it\\\/nd2024\\\/la-responsabilita-di-diventare-un-anziano-attivo\\\/#article\",\"isPartOf\":{\"@id\":\"https:\\\/\\\/www.nadiodelai.it\\\/nd2024\\\/la-responsabilita-di-diventare-un-anziano-attivo\\\/\"},\"author\":{\"name\":\"mikinadiodelai\",\"@id\":\"https:\\\/\\\/www.nadiodelai.it\\\/nd2024\\\/#\\\/schema\\\/person\\\/01faa8efddc8a7a695d55a25702d0a31\"},\"headline\":\"La responsabilit\u00e0 di diventare un anziano attivo\",\"datePublished\":\"2022-11-03T13:06:44+00:00\",\"mainEntityOfPage\":{\"@id\":\"https:\\\/\\\/www.nadiodelai.it\\\/nd2024\\\/la-responsabilita-di-diventare-un-anziano-attivo\\\/\"},\"wordCount\":148,\"commentCount\":0,\"publisher\":{\"@id\":\"https:\\\/\\\/www.nadiodelai.it\\\/nd2024\\\/#organization\"},\"image\":{\"@id\":\"https:\\\/\\\/www.nadiodelai.it\\\/nd2024\\\/la-responsabilita-di-diventare-un-anziano-attivo\\\/#primaryimage\"},\"thumbnailUrl\":\"https:\\\/\\\/www.nadiodelai.it\\\/nd2024\\\/wp-content\\\/uploads\\\/2022\\\/11\\\/responsibilta-diventare-anziano-attivo.jpg\",\"keywords\":[\"La responsabilit\u00e0 di diventare un anziano attivo\"],\"articleSection\":[\"Rapporti Monografici sugli Anziani Vitali\"],\"inLanguage\":\"it-IT\",\"potentialAction\":[{\"@type\":\"CommentAction\",\"name\":\"Comment\",\"target\":[\"https:\\\/\\\/www.nadiodelai.it\\\/nd2024\\\/la-responsabilita-di-diventare-un-anziano-attivo\\\/#respond\"]}]},{\"@type\":\"WebPage\",\"@id\":\"https:\\\/\\\/www.nadiodelai.it\\\/nd2024\\\/la-responsabilita-di-diventare-un-anziano-attivo\\\/\",\"url\":\"https:\\\/\\\/www.nadiodelai.it\\\/nd2024\\\/la-responsabilita-di-diventare-un-anziano-attivo\\\/\",\"name\":\"La responsabilit\u00e0 di diventare un anziano attivo - Nadio Delai\",\"isPartOf\":{\"@id\":\"https:\\\/\\\/www.nadiodelai.it\\\/nd2024\\\/#website\"},\"primaryImageOfPage\":{\"@id\":\"https:\\\/\\\/www.nadiodelai.it\\\/nd2024\\\/la-responsabilita-di-diventare-un-anziano-attivo\\\/#primaryimage\"},\"image\":{\"@id\":\"https:\\\/\\\/www.nadiodelai.it\\\/nd2024\\\/la-responsabilita-di-diventare-un-anziano-attivo\\\/#primaryimage\"},\"thumbnailUrl\":\"https:\\\/\\\/www.nadiodelai.it\\\/nd2024\\\/wp-content\\\/uploads\\\/2022\\\/11\\\/responsibilta-diventare-anziano-attivo.jpg\",\"datePublished\":\"2022-11-03T13:06:44+00:00\",\"description\":\"Rapporto predisposto per conto di 50&Pi\u00f9 Associazione e diretto a registrare i comportamenti, gli orientamenti, le necessit\u00e0 e le politiche ...\",\"breadcrumb\":{\"@id\":\"https:\\\/\\\/www.nadiodelai.it\\\/nd2024\\\/la-responsabilita-di-diventare-un-anziano-attivo\\\/#breadcrumb\"},\"inLanguage\":\"it-IT\",\"potentialAction\":[{\"@type\":\"ReadAction\",\"target\":[\"https:\\\/\\\/www.nadiodelai.it\\\/nd2024\\\/la-responsabilita-di-diventare-un-anziano-attivo\\\/\"]}]},{\"@type\":\"ImageObject\",\"inLanguage\":\"it-IT\",\"@id\":\"https:\\\/\\\/www.nadiodelai.it\\\/nd2024\\\/la-responsabilita-di-diventare-un-anziano-attivo\\\/#primaryimage\",\"url\":\"https:\\\/\\\/www.nadiodelai.it\\\/nd2024\\\/wp-content\\\/uploads\\\/2022\\\/11\\\/responsibilta-diventare-anziano-attivo.jpg\",\"contentUrl\":\"https:\\\/\\\/www.nadiodelai.it\\\/nd2024\\\/wp-content\\\/uploads\\\/2022\\\/11\\\/responsibilta-diventare-anziano-attivo.jpg\",\"width\":250,\"height\":353,\"caption\":\"La responsabilit\u00e0 di diventare un anziano attivo\"},{\"@type\":\"BreadcrumbList\",\"@id\":\"https:\\\/\\\/www.nadiodelai.it\\\/nd2024\\\/la-responsabilita-di-diventare-un-anziano-attivo\\\/#breadcrumb\",\"itemListElement\":[{\"@type\":\"ListItem\",\"position\":1,\"name\":\"Home\",\"item\":\"https:\\\/\\\/www.nadiodelai.it\\\/nd2024\\\/\"},{\"@type\":\"ListItem\",\"position\":2,\"name\":\"La responsabilit\u00e0 di diventare un anziano attivo\"}]},{\"@type\":\"WebSite\",\"@id\":\"https:\\\/\\\/www.nadiodelai.it\\\/nd2024\\\/#website\",\"url\":\"https:\\\/\\\/www.nadiodelai.it\\\/nd2024\\\/\",\"name\":\"Nadio Delai\",\"description\":\"Pubblicazioni di economia\",\"publisher\":{\"@id\":\"https:\\\/\\\/www.nadiodelai.it\\\/nd2024\\\/#organization\"},\"potentialAction\":[{\"@type\":\"SearchAction\",\"target\":{\"@type\":\"EntryPoint\",\"urlTemplate\":\"https:\\\/\\\/www.nadiodelai.it\\\/nd2024\\\/?s={search_term_string}\"},\"query-input\":{\"@type\":\"PropertyValueSpecification\",\"valueRequired\":true,\"valueName\":\"search_term_string\"}}],\"inLanguage\":\"it-IT\"},{\"@type\":\"Organization\",\"@id\":\"https:\\\/\\\/www.nadiodelai.it\\\/nd2024\\\/#organization\",\"name\":\"Nadio Delai\",\"url\":\"https:\\\/\\\/www.nadiodelai.it\\\/nd2024\\\/\",\"logo\":{\"@type\":\"ImageObject\",\"inLanguage\":\"it-IT\",\"@id\":\"https:\\\/\\\/www.nadiodelai.it\\\/nd2024\\\/#\\\/schema\\\/logo\\\/image\\\/\",\"url\":\"https:\\\/\\\/www.nadiodelai.it\\\/nd2024\\\/wp-content\\\/uploads\\\/2022\\\/07\\\/logonadiodelai.jpg\",\"contentUrl\":\"https:\\\/\\\/www.nadiodelai.it\\\/nd2024\\\/wp-content\\\/uploads\\\/2022\\\/07\\\/logonadiodelai.jpg\",\"width\":283,\"height\":59,\"caption\":\"Nadio Delai\"},\"image\":{\"@id\":\"https:\\\/\\\/www.nadiodelai.it\\\/nd2024\\\/#\\\/schema\\\/logo\\\/image\\\/\"}},{\"@type\":\"Person\",\"@id\":\"https:\\\/\\\/www.nadiodelai.it\\\/nd2024\\\/#\\\/schema\\\/person\\\/01faa8efddc8a7a695d55a25702d0a31\",\"name\":\"mikinadiodelai\",\"image\":{\"@type\":\"ImageObject\",\"inLanguage\":\"it-IT\",\"@id\":\"https:\\\/\\\/secure.gravatar.com\\\/avatar\\\/6c91c98616ba911912872989bdffe1477f5a0b877fcf4d4fdf15dd16ef32064a?s=96&d=mm&r=g\",\"url\":\"https:\\\/\\\/secure.gravatar.com\\\/avatar\\\/6c91c98616ba911912872989bdffe1477f5a0b877fcf4d4fdf15dd16ef32064a?s=96&d=mm&r=g\",\"contentUrl\":\"https:\\\/\\\/secure.gravatar.com\\\/avatar\\\/6c91c98616ba911912872989bdffe1477f5a0b877fcf4d4fdf15dd16ef32064a?s=96&d=mm&r=g\",\"caption\":\"mikinadiodelai\"},\"sameAs\":[\"https:\\\/\\\/www.nadiodelai.it\\\/nd2024\"],\"url\":\"https:\\\/\\\/www.nadiodelai.it\\\/nd2024\\\/author\\\/mikinadiodelai\\\/\"}]}<\/script>\n<!-- \/ Yoast SEO plugin. -->","yoast_head_json":{"title":"La responsabilit\u00e0 di diventare un anziano attivo - Nadio Delai","description":"Rapporto predisposto per conto di 50&Pi\u00f9 Associazione e diretto a registrare i comportamenti, gli orientamenti, le necessit\u00e0 e le politiche ...","robots":{"index":"index","follow":"follow","max-snippet":"max-snippet:-1","max-image-preview":"max-image-preview:large","max-video-preview":"max-video-preview:-1"},"canonical":"https:\/\/www.nadiodelai.it\/nd2024\/la-responsabilita-di-diventare-un-anziano-attivo\/","og_locale":"it_IT","og_type":"article","og_title":"La responsabilit\u00e0 di diventare un anziano attivo - Nadio Delai","og_description":"Rapporto predisposto per conto di 50&Pi\u00f9 Associazione e diretto a registrare i comportamenti, gli orientamenti, le necessit\u00e0 e le politiche ...","og_url":"https:\/\/www.nadiodelai.it\/nd2024\/la-responsabilita-di-diventare-un-anziano-attivo\/","og_site_name":"Nadio Delai","article_published_time":"2022-11-03T13:06:44+00:00","og_image":[{"width":250,"height":353,"url":"https:\/\/www.nadiodelai.it\/nd2024\/wp-content\/uploads\/2022\/11\/responsibilta-diventare-anziano-attivo.jpg","type":"image\/jpeg"}],"author":"mikinadiodelai","twitter_card":"summary_large_image","twitter_misc":{"Scritto da":"mikinadiodelai","Tempo di lettura stimato":"1 minuto"},"schema":{"@context":"https:\/\/schema.org","@graph":[{"@type":"Article","@id":"https:\/\/www.nadiodelai.it\/nd2024\/la-responsabilita-di-diventare-un-anziano-attivo\/#article","isPartOf":{"@id":"https:\/\/www.nadiodelai.it\/nd2024\/la-responsabilita-di-diventare-un-anziano-attivo\/"},"author":{"name":"mikinadiodelai","@id":"https:\/\/www.nadiodelai.it\/nd2024\/#\/schema\/person\/01faa8efddc8a7a695d55a25702d0a31"},"headline":"La responsabilit\u00e0 di diventare un anziano attivo","datePublished":"2022-11-03T13:06:44+00:00","mainEntityOfPage":{"@id":"https:\/\/www.nadiodelai.it\/nd2024\/la-responsabilita-di-diventare-un-anziano-attivo\/"},"wordCount":148,"commentCount":0,"publisher":{"@id":"https:\/\/www.nadiodelai.it\/nd2024\/#organization"},"image":{"@id":"https:\/\/www.nadiodelai.it\/nd2024\/la-responsabilita-di-diventare-un-anziano-attivo\/#primaryimage"},"thumbnailUrl":"https:\/\/www.nadiodelai.it\/nd2024\/wp-content\/uploads\/2022\/11\/responsibilta-diventare-anziano-attivo.jpg","keywords":["La responsabilit\u00e0 di diventare un anziano attivo"],"articleSection":["Rapporti Monografici sugli Anziani Vitali"],"inLanguage":"it-IT","potentialAction":[{"@type":"CommentAction","name":"Comment","target":["https:\/\/www.nadiodelai.it\/nd2024\/la-responsabilita-di-diventare-un-anziano-attivo\/#respond"]}]},{"@type":"WebPage","@id":"https:\/\/www.nadiodelai.it\/nd2024\/la-responsabilita-di-diventare-un-anziano-attivo\/","url":"https:\/\/www.nadiodelai.it\/nd2024\/la-responsabilita-di-diventare-un-anziano-attivo\/","name":"La responsabilit\u00e0 di diventare un anziano attivo - Nadio Delai","isPartOf":{"@id":"https:\/\/www.nadiodelai.it\/nd2024\/#website"},"primaryImageOfPage":{"@id":"https:\/\/www.nadiodelai.it\/nd2024\/la-responsabilita-di-diventare-un-anziano-attivo\/#primaryimage"},"image":{"@id":"https:\/\/www.nadiodelai.it\/nd2024\/la-responsabilita-di-diventare-un-anziano-attivo\/#primaryimage"},"thumbnailUrl":"https:\/\/www.nadiodelai.it\/nd2024\/wp-content\/uploads\/2022\/11\/responsibilta-diventare-anziano-attivo.jpg","datePublished":"2022-11-03T13:06:44+00:00","description":"Rapporto predisposto per conto di 50&Pi\u00f9 Associazione e diretto a registrare i comportamenti, gli orientamenti, le necessit\u00e0 e le politiche ...","breadcrumb":{"@id":"https:\/\/www.nadiodelai.it\/nd2024\/la-responsabilita-di-diventare-un-anziano-attivo\/#breadcrumb"},"inLanguage":"it-IT","potentialAction":[{"@type":"ReadAction","target":["https:\/\/www.nadiodelai.it\/nd2024\/la-responsabilita-di-diventare-un-anziano-attivo\/"]}]},{"@type":"ImageObject","inLanguage":"it-IT","@id":"https:\/\/www.nadiodelai.it\/nd2024\/la-responsabilita-di-diventare-un-anziano-attivo\/#primaryimage","url":"https:\/\/www.nadiodelai.it\/nd2024\/wp-content\/uploads\/2022\/11\/responsibilta-diventare-anziano-attivo.jpg","contentUrl":"https:\/\/www.nadiodelai.it\/nd2024\/wp-content\/uploads\/2022\/11\/responsibilta-diventare-anziano-attivo.jpg","width":250,"height":353,"caption":"La responsabilit\u00e0 di diventare un anziano attivo"},{"@type":"BreadcrumbList","@id":"https:\/\/www.nadiodelai.it\/nd2024\/la-responsabilita-di-diventare-un-anziano-attivo\/#breadcrumb","itemListElement":[{"@type":"ListItem","position":1,"name":"Home","item":"https:\/\/www.nadiodelai.it\/nd2024\/"},{"@type":"ListItem","position":2,"name":"La responsabilit\u00e0 di diventare un anziano attivo"}]},{"@type":"WebSite","@id":"https:\/\/www.nadiodelai.it\/nd2024\/#website","url":"https:\/\/www.nadiodelai.it\/nd2024\/","name":"Nadio Delai","description":"Pubblicazioni di economia","publisher":{"@id":"https:\/\/www.nadiodelai.it\/nd2024\/#organization"},"potentialAction":[{"@type":"SearchAction","target":{"@type":"EntryPoint","urlTemplate":"https:\/\/www.nadiodelai.it\/nd2024\/?s={search_term_string}"},"query-input":{"@type":"PropertyValueSpecification","valueRequired":true,"valueName":"search_term_string"}}],"inLanguage":"it-IT"},{"@type":"Organization","@id":"https:\/\/www.nadiodelai.it\/nd2024\/#organization","name":"Nadio Delai","url":"https:\/\/www.nadiodelai.it\/nd2024\/","logo":{"@type":"ImageObject","inLanguage":"it-IT","@id":"https:\/\/www.nadiodelai.it\/nd2024\/#\/schema\/logo\/image\/","url":"https:\/\/www.nadiodelai.it\/nd2024\/wp-content\/uploads\/2022\/07\/logonadiodelai.jpg","contentUrl":"https:\/\/www.nadiodelai.it\/nd2024\/wp-content\/uploads\/2022\/07\/logonadiodelai.jpg","width":283,"height":59,"caption":"Nadio Delai"},"image":{"@id":"https:\/\/www.nadiodelai.it\/nd2024\/#\/schema\/logo\/image\/"}},{"@type":"Person","@id":"https:\/\/www.nadiodelai.it\/nd2024\/#\/schema\/person\/01faa8efddc8a7a695d55a25702d0a31","name":"mikinadiodelai","image":{"@type":"ImageObject","inLanguage":"it-IT","@id":"https:\/\/secure.gravatar.com\/avatar\/6c91c98616ba911912872989bdffe1477f5a0b877fcf4d4fdf15dd16ef32064a?s=96&d=mm&r=g","url":"https:\/\/secure.gravatar.com\/avatar\/6c91c98616ba911912872989bdffe1477f5a0b877fcf4d4fdf15dd16ef32064a?s=96&d=mm&r=g","contentUrl":"https:\/\/secure.gravatar.com\/avatar\/6c91c98616ba911912872989bdffe1477f5a0b877fcf4d4fdf15dd16ef32064a?s=96&d=mm&r=g","caption":"mikinadiodelai"},"sameAs":["https:\/\/www.nadiodelai.it\/nd2024"],"url":"https:\/\/www.nadiodelai.it\/nd2024\/author\/mikinadiodelai\/"}]}},"jetpack_sharing_enabled":true,"jetpack_featured_media_url":"https:\/\/www.nadiodelai.it\/nd2024\/wp-content\/uploads\/2022\/11\/responsibilta-diventare-anziano-attivo.jpg","_links":{"self":[{"href":"https:\/\/www.nadiodelai.it\/nd2024\/wp-json\/wp\/v2\/posts\/1372","targetHints":{"allow":["GET"]}}],"collection":[{"href":"https:\/\/www.nadiodelai.it\/nd2024\/wp-json\/wp\/v2\/posts"}],"about":[{"href":"https:\/\/www.nadiodelai.it\/nd2024\/wp-json\/wp\/v2\/types\/post"}],"author":[{"embeddable":true,"href":"https:\/\/www.nadiodelai.it\/nd2024\/wp-json\/wp\/v2\/users\/1"}],"replies":[{"embeddable":true,"href":"https:\/\/www.nadiodelai.it\/nd2024\/wp-json\/wp\/v2\/comments?post=1372"}],"version-history":[{"count":0,"href":"https:\/\/www.nadiodelai.it\/nd2024\/wp-json\/wp\/v2\/posts\/1372\/revisions"}],"wp:featuredmedia":[{"embeddable":true,"href":"https:\/\/www.nadiodelai.it\/nd2024\/wp-json\/wp\/v2\/media\/1373"}],"wp:attachment":[{"href":"https:\/\/www.nadiodelai.it\/nd2024\/wp-json\/wp\/v2\/media?parent=1372"}],"wp:term":[{"taxonomy":"category","embeddable":true,"href":"https:\/\/www.nadiodelai.it\/nd2024\/wp-json\/wp\/v2\/categories?post=1372"},{"taxonomy":"post_tag","embeddable":true,"href":"https:\/\/www.nadiodelai.it\/nd2024\/wp-json\/wp\/v2\/tags?post=1372"}],"curies":[{"name":"wp","href":"https:\/\/api.w.org\/{rel}","templated":true}]}}