{"id":1378,"date":"2022-11-03T14:12:43","date_gmt":"2022-11-03T13:12:43","guid":{"rendered":"https:\/\/www.nadiodelai.it\/nd2024\/?p=1378"},"modified":"2022-11-03T14:12:43","modified_gmt":"2022-11-03T13:12:43","slug":"50piu-sistema-associativo-e-di-servizi","status":"publish","type":"post","link":"https:\/\/www.nadiodelai.it\/nd2024\/50piu-sistema-associativo-e-di-servizi\/","title":{"rendered":"50&#038;Pi\u00f9 Sistema Associativo e di Servizi"},"content":{"rendered":"<p style=\"text-align: justify;\">L\u2019identit\u00e0 e il ruolo delle persone anziane \u2013 ma sarebbe meglio chiamarle \u201cmature\u201d come vogliono essere definite \u2013 si sono gradualmente trasformati negli ultimi vent\u2019anni, avvicinando un po\u2019 di pi\u00f9 la soggettualit\u00e0 percepita con la soggettualit\u00e0 reale. Anche se lo stereotipo dell\u2019anziano, inteso come soggetto fragile e da assistere, allunga ancora la sua ombra sull\u2019insieme di una categoria che invece presenta largamente (in quasi 9 casi su 10) vitalit\u00e0, autonomia, iniziativa e voglia di mantenersi attiva a lungo. Per questo \u00e8 stata promossa un\u2019indagine rivolta ad un campione rappresentativo, articolato in tre sottocampioni di persone di et\u00e0 compresa tra i 50 e i 59 anni, tra i 60 e i 69 anni e da soggetti di 70 anni e oltre. Il&nbsp;<em>focus&nbsp;<\/em>dell\u2019analisi \u00e8 quello del possibile prolungamento della vita attiva come del resto si era fatto anche in un\u2019altra indagine di dieci anni prima: solo che oggi ci si riferisce anche alle persone di 70 anni e oltre e non pi\u00f9 a quelle di 60 anni e oltre come avvenne in passato. I risultati mettono in luce come la consapevolezza della speranza di vita debba far ragionare sull\u2019adeguatezza della pensione che non necessariamente baster\u00e0 per rispondere alle esigenze di persone che vivranno molto pi\u00f9 a lungo. E proprio per questo la propensione verso una vita significativamente attiva interessa una parte consistente degli intervistati tanto da far dire al 73,0% dell\u2019intero campione che \u201cbisogna accettare l\u2019et\u00e0 anziana anche oltre i 70 anni come un periodo di nuova responsabilit\u00e0, per non invecchiare prima e per utilizzare al meglio le proprie capacit\u00e0 e le proprie esperienze\u201d: ma il consenso cresce addirittura per i 70enni e oltre, arrivando al 76%!<\/p>\n","protected":false},"excerpt":{"rendered":"<p>L\u2019identit\u00e0 e il ruolo delle persone anziane \u2013 ma sarebbe meglio chiamarle \u201cmature\u201d come vogliono essere definite \u2013 si sono gradualmente trasformati negli ultimi vent\u2019anni, avvicinando un po\u2019 di pi\u00f9 la soggettualit\u00e0 percepita con la soggettualit\u00e0 reale. Anche se lo stereotipo dell\u2019anziano, inteso come soggetto fragile e da assistere, allunga ancora la sua ombra sull\u2019insieme [&hellip;]<\/p>\n","protected":false},"author":1,"featured_media":1379,"comment_status":"open","ping_status":"open","sticky":false,"template":"","format":"standard","meta":{"_acf_changed":false,"ngg_post_thumbnail":0,"_jetpack_newsletter_access":"","_jetpack_dont_email_post_to_subs":false,"_jetpack_newsletter_tier_id":0,"_jetpack_memberships_contains_paywalled_content":false,"_jetpack_feature_clip_id":0,"_jetpack_memberships_contains_paid_content":false,"footnotes":"","jetpack_post_was_ever_published":false},"categories":[10],"tags":[156],"class_list":["post-1378","post","type-post","status-publish","format-standard","has-post-thumbnail","hentry","category-rapporti-monografici-sugli-anziani-vitali","tag-50piu-sistema-associativo-e-di-servizi"],"acf":[],"yoast_head":"<!-- This site is optimized with the Yoast SEO plugin v28.3 - https:\/\/yoast.com\/product\/yoast-seo-wordpress\/ -->\n<title>50&amp;Pi\u00f9 Sistema Associativo e di Servizi - Nadio Delai<\/title>\n<meta name=\"description\" content=\"L\u2019identit\u00e0 e il ruolo delle persone anziane \u2013 ma sarebbe meglio chiamarle \u201cmature\u201d come vogliono essere definite.\" \/>\n<meta name=\"robots\" content=\"index, follow, max-snippet:-1, max-image-preview:large, max-video-preview:-1\" \/>\n<link rel=\"canonical\" href=\"https:\/\/www.nadiodelai.it\/nd2024\/50piu-sistema-associativo-e-di-servizi\/\" \/>\n<meta property=\"og:locale\" content=\"it_IT\" \/>\n<meta property=\"og:type\" content=\"article\" \/>\n<meta property=\"og:title\" content=\"50&amp;Pi\u00f9 Sistema Associativo e di Servizi - Nadio Delai\" \/>\n<meta property=\"og:description\" content=\"L\u2019identit\u00e0 e il ruolo delle persone anziane \u2013 ma sarebbe meglio chiamarle \u201cmature\u201d come vogliono essere definite.\" \/>\n<meta property=\"og:url\" content=\"https:\/\/www.nadiodelai.it\/nd2024\/50piu-sistema-associativo-e-di-servizi\/\" \/>\n<meta property=\"og:site_name\" content=\"Nadio Delai\" \/>\n<meta property=\"article:published_time\" content=\"2022-11-03T13:12:43+00:00\" \/>\n<meta property=\"og:image\" content=\"https:\/\/www.nadiodelai.it\/nd2024\/wp-content\/uploads\/2022\/11\/50epiu.jpg\" \/>\n\t<meta property=\"og:image:width\" content=\"250\" \/>\n\t<meta property=\"og:image:height\" content=\"376\" \/>\n\t<meta property=\"og:image:type\" content=\"image\/jpeg\" \/>\n<meta name=\"author\" content=\"mikinadiodelai\" \/>\n<meta name=\"twitter:card\" content=\"summary_large_image\" \/>\n<meta name=\"twitter:label1\" content=\"Scritto da\" \/>\n\t<meta name=\"twitter:data1\" content=\"mikinadiodelai\" \/>\n\t<meta name=\"twitter:label2\" content=\"Tempo di lettura stimato\" \/>\n\t<meta name=\"twitter:data2\" content=\"2 minuti\" \/>\n<script type=\"application\/ld+json\" class=\"yoast-schema-graph\">{\"@context\":\"https:\\\/\\\/schema.org\",\"@graph\":[{\"@type\":\"Article\",\"@id\":\"https:\\\/\\\/www.nadiodelai.it\\\/nd2024\\\/50piu-sistema-associativo-e-di-servizi\\\/#article\",\"isPartOf\":{\"@id\":\"https:\\\/\\\/www.nadiodelai.it\\\/nd2024\\\/50piu-sistema-associativo-e-di-servizi\\\/\"},\"author\":{\"name\":\"mikinadiodelai\",\"@id\":\"https:\\\/\\\/www.nadiodelai.it\\\/nd2024\\\/#\\\/schema\\\/person\\\/01faa8efddc8a7a695d55a25702d0a31\"},\"headline\":\"50&#038;Pi\u00f9 Sistema Associativo e di Servizi\",\"datePublished\":\"2022-11-03T13:12:43+00:00\",\"mainEntityOfPage\":{\"@id\":\"https:\\\/\\\/www.nadiodelai.it\\\/nd2024\\\/50piu-sistema-associativo-e-di-servizi\\\/\"},\"wordCount\":279,\"commentCount\":0,\"publisher\":{\"@id\":\"https:\\\/\\\/www.nadiodelai.it\\\/nd2024\\\/#organization\"},\"image\":{\"@id\":\"https:\\\/\\\/www.nadiodelai.it\\\/nd2024\\\/50piu-sistema-associativo-e-di-servizi\\\/#primaryimage\"},\"thumbnailUrl\":\"https:\\\/\\\/www.nadiodelai.it\\\/nd2024\\\/wp-content\\\/uploads\\\/2022\\\/11\\\/50epiu.jpg\",\"keywords\":[\"50&amp;Pi\u00f9 Sistema Associativo e di Servizi\"],\"articleSection\":[\"Rapporti Monografici sugli Anziani Vitali\"],\"inLanguage\":\"it-IT\",\"potentialAction\":[{\"@type\":\"CommentAction\",\"name\":\"Comment\",\"target\":[\"https:\\\/\\\/www.nadiodelai.it\\\/nd2024\\\/50piu-sistema-associativo-e-di-servizi\\\/#respond\"]}]},{\"@type\":\"WebPage\",\"@id\":\"https:\\\/\\\/www.nadiodelai.it\\\/nd2024\\\/50piu-sistema-associativo-e-di-servizi\\\/\",\"url\":\"https:\\\/\\\/www.nadiodelai.it\\\/nd2024\\\/50piu-sistema-associativo-e-di-servizi\\\/\",\"name\":\"50&Pi\u00f9 Sistema Associativo e di Servizi - Nadio Delai\",\"isPartOf\":{\"@id\":\"https:\\\/\\\/www.nadiodelai.it\\\/nd2024\\\/#website\"},\"primaryImageOfPage\":{\"@id\":\"https:\\\/\\\/www.nadiodelai.it\\\/nd2024\\\/50piu-sistema-associativo-e-di-servizi\\\/#primaryimage\"},\"image\":{\"@id\":\"https:\\\/\\\/www.nadiodelai.it\\\/nd2024\\\/50piu-sistema-associativo-e-di-servizi\\\/#primaryimage\"},\"thumbnailUrl\":\"https:\\\/\\\/www.nadiodelai.it\\\/nd2024\\\/wp-content\\\/uploads\\\/2022\\\/11\\\/50epiu.jpg\",\"datePublished\":\"2022-11-03T13:12:43+00:00\",\"description\":\"L\u2019identit\u00e0 e il ruolo delle persone anziane \u2013 ma sarebbe meglio chiamarle \u201cmature\u201d come vogliono essere definite.\",\"breadcrumb\":{\"@id\":\"https:\\\/\\\/www.nadiodelai.it\\\/nd2024\\\/50piu-sistema-associativo-e-di-servizi\\\/#breadcrumb\"},\"inLanguage\":\"it-IT\",\"potentialAction\":[{\"@type\":\"ReadAction\",\"target\":[\"https:\\\/\\\/www.nadiodelai.it\\\/nd2024\\\/50piu-sistema-associativo-e-di-servizi\\\/\"]}]},{\"@type\":\"ImageObject\",\"inLanguage\":\"it-IT\",\"@id\":\"https:\\\/\\\/www.nadiodelai.it\\\/nd2024\\\/50piu-sistema-associativo-e-di-servizi\\\/#primaryimage\",\"url\":\"https:\\\/\\\/www.nadiodelai.it\\\/nd2024\\\/wp-content\\\/uploads\\\/2022\\\/11\\\/50epiu.jpg\",\"contentUrl\":\"https:\\\/\\\/www.nadiodelai.it\\\/nd2024\\\/wp-content\\\/uploads\\\/2022\\\/11\\\/50epiu.jpg\",\"width\":250,\"height\":376,\"caption\":\"50&Pi\u00f9 Sistema Associativo e di Servizi\"},{\"@type\":\"BreadcrumbList\",\"@id\":\"https:\\\/\\\/www.nadiodelai.it\\\/nd2024\\\/50piu-sistema-associativo-e-di-servizi\\\/#breadcrumb\",\"itemListElement\":[{\"@type\":\"ListItem\",\"position\":1,\"name\":\"Home\",\"item\":\"https:\\\/\\\/www.nadiodelai.it\\\/nd2024\\\/\"},{\"@type\":\"ListItem\",\"position\":2,\"name\":\"50&#038;Pi\u00f9 Sistema Associativo e di Servizi\"}]},{\"@type\":\"WebSite\",\"@id\":\"https:\\\/\\\/www.nadiodelai.it\\\/nd2024\\\/#website\",\"url\":\"https:\\\/\\\/www.nadiodelai.it\\\/nd2024\\\/\",\"name\":\"Nadio Delai\",\"description\":\"Pubblicazioni di economia\",\"publisher\":{\"@id\":\"https:\\\/\\\/www.nadiodelai.it\\\/nd2024\\\/#organization\"},\"potentialAction\":[{\"@type\":\"SearchAction\",\"target\":{\"@type\":\"EntryPoint\",\"urlTemplate\":\"https:\\\/\\\/www.nadiodelai.it\\\/nd2024\\\/?s={search_term_string}\"},\"query-input\":{\"@type\":\"PropertyValueSpecification\",\"valueRequired\":true,\"valueName\":\"search_term_string\"}}],\"inLanguage\":\"it-IT\"},{\"@type\":\"Organization\",\"@id\":\"https:\\\/\\\/www.nadiodelai.it\\\/nd2024\\\/#organization\",\"name\":\"Nadio Delai\",\"url\":\"https:\\\/\\\/www.nadiodelai.it\\\/nd2024\\\/\",\"logo\":{\"@type\":\"ImageObject\",\"inLanguage\":\"it-IT\",\"@id\":\"https:\\\/\\\/www.nadiodelai.it\\\/nd2024\\\/#\\\/schema\\\/logo\\\/image\\\/\",\"url\":\"https:\\\/\\\/www.nadiodelai.it\\\/nd2024\\\/wp-content\\\/uploads\\\/2022\\\/07\\\/logonadiodelai.jpg\",\"contentUrl\":\"https:\\\/\\\/www.nadiodelai.it\\\/nd2024\\\/wp-content\\\/uploads\\\/2022\\\/07\\\/logonadiodelai.jpg\",\"width\":283,\"height\":59,\"caption\":\"Nadio Delai\"},\"image\":{\"@id\":\"https:\\\/\\\/www.nadiodelai.it\\\/nd2024\\\/#\\\/schema\\\/logo\\\/image\\\/\"}},{\"@type\":\"Person\",\"@id\":\"https:\\\/\\\/www.nadiodelai.it\\\/nd2024\\\/#\\\/schema\\\/person\\\/01faa8efddc8a7a695d55a25702d0a31\",\"name\":\"mikinadiodelai\",\"image\":{\"@type\":\"ImageObject\",\"inLanguage\":\"it-IT\",\"@id\":\"https:\\\/\\\/secure.gravatar.com\\\/avatar\\\/6c91c98616ba911912872989bdffe1477f5a0b877fcf4d4fdf15dd16ef32064a?s=96&d=mm&r=g\",\"url\":\"https:\\\/\\\/secure.gravatar.com\\\/avatar\\\/6c91c98616ba911912872989bdffe1477f5a0b877fcf4d4fdf15dd16ef32064a?s=96&d=mm&r=g\",\"contentUrl\":\"https:\\\/\\\/secure.gravatar.com\\\/avatar\\\/6c91c98616ba911912872989bdffe1477f5a0b877fcf4d4fdf15dd16ef32064a?s=96&d=mm&r=g\",\"caption\":\"mikinadiodelai\"},\"sameAs\":[\"https:\\\/\\\/www.nadiodelai.it\\\/nd2024\"],\"url\":\"https:\\\/\\\/www.nadiodelai.it\\\/nd2024\\\/author\\\/mikinadiodelai\\\/\"}]}<\/script>\n<!-- \/ Yoast SEO plugin. -->","yoast_head_json":{"title":"50&Pi\u00f9 Sistema Associativo e di Servizi - Nadio Delai","description":"L\u2019identit\u00e0 e il ruolo delle persone anziane \u2013 ma sarebbe meglio chiamarle \u201cmature\u201d come vogliono essere definite.","robots":{"index":"index","follow":"follow","max-snippet":"max-snippet:-1","max-image-preview":"max-image-preview:large","max-video-preview":"max-video-preview:-1"},"canonical":"https:\/\/www.nadiodelai.it\/nd2024\/50piu-sistema-associativo-e-di-servizi\/","og_locale":"it_IT","og_type":"article","og_title":"50&Pi\u00f9 Sistema Associativo e di Servizi - Nadio Delai","og_description":"L\u2019identit\u00e0 e il ruolo delle persone anziane \u2013 ma sarebbe meglio chiamarle \u201cmature\u201d come vogliono essere definite.","og_url":"https:\/\/www.nadiodelai.it\/nd2024\/50piu-sistema-associativo-e-di-servizi\/","og_site_name":"Nadio Delai","article_published_time":"2022-11-03T13:12:43+00:00","og_image":[{"width":250,"height":376,"url":"https:\/\/www.nadiodelai.it\/nd2024\/wp-content\/uploads\/2022\/11\/50epiu.jpg","type":"image\/jpeg"}],"author":"mikinadiodelai","twitter_card":"summary_large_image","twitter_misc":{"Scritto da":"mikinadiodelai","Tempo di lettura stimato":"2 minuti"},"schema":{"@context":"https:\/\/schema.org","@graph":[{"@type":"Article","@id":"https:\/\/www.nadiodelai.it\/nd2024\/50piu-sistema-associativo-e-di-servizi\/#article","isPartOf":{"@id":"https:\/\/www.nadiodelai.it\/nd2024\/50piu-sistema-associativo-e-di-servizi\/"},"author":{"name":"mikinadiodelai","@id":"https:\/\/www.nadiodelai.it\/nd2024\/#\/schema\/person\/01faa8efddc8a7a695d55a25702d0a31"},"headline":"50&#038;Pi\u00f9 Sistema Associativo e di Servizi","datePublished":"2022-11-03T13:12:43+00:00","mainEntityOfPage":{"@id":"https:\/\/www.nadiodelai.it\/nd2024\/50piu-sistema-associativo-e-di-servizi\/"},"wordCount":279,"commentCount":0,"publisher":{"@id":"https:\/\/www.nadiodelai.it\/nd2024\/#organization"},"image":{"@id":"https:\/\/www.nadiodelai.it\/nd2024\/50piu-sistema-associativo-e-di-servizi\/#primaryimage"},"thumbnailUrl":"https:\/\/www.nadiodelai.it\/nd2024\/wp-content\/uploads\/2022\/11\/50epiu.jpg","keywords":["50&amp;Pi\u00f9 Sistema Associativo e di Servizi"],"articleSection":["Rapporti Monografici sugli Anziani Vitali"],"inLanguage":"it-IT","potentialAction":[{"@type":"CommentAction","name":"Comment","target":["https:\/\/www.nadiodelai.it\/nd2024\/50piu-sistema-associativo-e-di-servizi\/#respond"]}]},{"@type":"WebPage","@id":"https:\/\/www.nadiodelai.it\/nd2024\/50piu-sistema-associativo-e-di-servizi\/","url":"https:\/\/www.nadiodelai.it\/nd2024\/50piu-sistema-associativo-e-di-servizi\/","name":"50&Pi\u00f9 Sistema Associativo e di Servizi - Nadio Delai","isPartOf":{"@id":"https:\/\/www.nadiodelai.it\/nd2024\/#website"},"primaryImageOfPage":{"@id":"https:\/\/www.nadiodelai.it\/nd2024\/50piu-sistema-associativo-e-di-servizi\/#primaryimage"},"image":{"@id":"https:\/\/www.nadiodelai.it\/nd2024\/50piu-sistema-associativo-e-di-servizi\/#primaryimage"},"thumbnailUrl":"https:\/\/www.nadiodelai.it\/nd2024\/wp-content\/uploads\/2022\/11\/50epiu.jpg","datePublished":"2022-11-03T13:12:43+00:00","description":"L\u2019identit\u00e0 e il ruolo delle persone anziane \u2013 ma sarebbe meglio chiamarle \u201cmature\u201d come vogliono essere definite.","breadcrumb":{"@id":"https:\/\/www.nadiodelai.it\/nd2024\/50piu-sistema-associativo-e-di-servizi\/#breadcrumb"},"inLanguage":"it-IT","potentialAction":[{"@type":"ReadAction","target":["https:\/\/www.nadiodelai.it\/nd2024\/50piu-sistema-associativo-e-di-servizi\/"]}]},{"@type":"ImageObject","inLanguage":"it-IT","@id":"https:\/\/www.nadiodelai.it\/nd2024\/50piu-sistema-associativo-e-di-servizi\/#primaryimage","url":"https:\/\/www.nadiodelai.it\/nd2024\/wp-content\/uploads\/2022\/11\/50epiu.jpg","contentUrl":"https:\/\/www.nadiodelai.it\/nd2024\/wp-content\/uploads\/2022\/11\/50epiu.jpg","width":250,"height":376,"caption":"50&Pi\u00f9 Sistema Associativo e di Servizi"},{"@type":"BreadcrumbList","@id":"https:\/\/www.nadiodelai.it\/nd2024\/50piu-sistema-associativo-e-di-servizi\/#breadcrumb","itemListElement":[{"@type":"ListItem","position":1,"name":"Home","item":"https:\/\/www.nadiodelai.it\/nd2024\/"},{"@type":"ListItem","position":2,"name":"50&#038;Pi\u00f9 Sistema Associativo e di Servizi"}]},{"@type":"WebSite","@id":"https:\/\/www.nadiodelai.it\/nd2024\/#website","url":"https:\/\/www.nadiodelai.it\/nd2024\/","name":"Nadio Delai","description":"Pubblicazioni di economia","publisher":{"@id":"https:\/\/www.nadiodelai.it\/nd2024\/#organization"},"potentialAction":[{"@type":"SearchAction","target":{"@type":"EntryPoint","urlTemplate":"https:\/\/www.nadiodelai.it\/nd2024\/?s={search_term_string}"},"query-input":{"@type":"PropertyValueSpecification","valueRequired":true,"valueName":"search_term_string"}}],"inLanguage":"it-IT"},{"@type":"Organization","@id":"https:\/\/www.nadiodelai.it\/nd2024\/#organization","name":"Nadio Delai","url":"https:\/\/www.nadiodelai.it\/nd2024\/","logo":{"@type":"ImageObject","inLanguage":"it-IT","@id":"https:\/\/www.nadiodelai.it\/nd2024\/#\/schema\/logo\/image\/","url":"https:\/\/www.nadiodelai.it\/nd2024\/wp-content\/uploads\/2022\/07\/logonadiodelai.jpg","contentUrl":"https:\/\/www.nadiodelai.it\/nd2024\/wp-content\/uploads\/2022\/07\/logonadiodelai.jpg","width":283,"height":59,"caption":"Nadio Delai"},"image":{"@id":"https:\/\/www.nadiodelai.it\/nd2024\/#\/schema\/logo\/image\/"}},{"@type":"Person","@id":"https:\/\/www.nadiodelai.it\/nd2024\/#\/schema\/person\/01faa8efddc8a7a695d55a25702d0a31","name":"mikinadiodelai","image":{"@type":"ImageObject","inLanguage":"it-IT","@id":"https:\/\/secure.gravatar.com\/avatar\/6c91c98616ba911912872989bdffe1477f5a0b877fcf4d4fdf15dd16ef32064a?s=96&d=mm&r=g","url":"https:\/\/secure.gravatar.com\/avatar\/6c91c98616ba911912872989bdffe1477f5a0b877fcf4d4fdf15dd16ef32064a?s=96&d=mm&r=g","contentUrl":"https:\/\/secure.gravatar.com\/avatar\/6c91c98616ba911912872989bdffe1477f5a0b877fcf4d4fdf15dd16ef32064a?s=96&d=mm&r=g","caption":"mikinadiodelai"},"sameAs":["https:\/\/www.nadiodelai.it\/nd2024"],"url":"https:\/\/www.nadiodelai.it\/nd2024\/author\/mikinadiodelai\/"}]}},"jetpack_sharing_enabled":true,"jetpack_featured_media_url":"https:\/\/www.nadiodelai.it\/nd2024\/wp-content\/uploads\/2022\/11\/50epiu.jpg","_links":{"self":[{"href":"https:\/\/www.nadiodelai.it\/nd2024\/wp-json\/wp\/v2\/posts\/1378","targetHints":{"allow":["GET"]}}],"collection":[{"href":"https:\/\/www.nadiodelai.it\/nd2024\/wp-json\/wp\/v2\/posts"}],"about":[{"href":"https:\/\/www.nadiodelai.it\/nd2024\/wp-json\/wp\/v2\/types\/post"}],"author":[{"embeddable":true,"href":"https:\/\/www.nadiodelai.it\/nd2024\/wp-json\/wp\/v2\/users\/1"}],"replies":[{"embeddable":true,"href":"https:\/\/www.nadiodelai.it\/nd2024\/wp-json\/wp\/v2\/comments?post=1378"}],"version-history":[{"count":0,"href":"https:\/\/www.nadiodelai.it\/nd2024\/wp-json\/wp\/v2\/posts\/1378\/revisions"}],"wp:featuredmedia":[{"embeddable":true,"href":"https:\/\/www.nadiodelai.it\/nd2024\/wp-json\/wp\/v2\/media\/1379"}],"wp:attachment":[{"href":"https:\/\/www.nadiodelai.it\/nd2024\/wp-json\/wp\/v2\/media?parent=1378"}],"wp:term":[{"taxonomy":"category","embeddable":true,"href":"https:\/\/www.nadiodelai.it\/nd2024\/wp-json\/wp\/v2\/categories?post=1378"},{"taxonomy":"post_tag","embeddable":true,"href":"https:\/\/www.nadiodelai.it\/nd2024\/wp-json\/wp\/v2\/tags?post=1378"}],"curies":[{"name":"wp","href":"https:\/\/api.w.org\/{rel}","templated":true}]}}